{"id":944,"date":"2018-06-25T10:50:54","date_gmt":"2018-06-25T09:50:54","guid":{"rendered":"https:\/\/ensemblecvocalkairos.wordpress.com\/?p=944"},"modified":"2018-06-25T10:50:54","modified_gmt":"2018-06-25T09:50:54","slug":"les-mots-du-chef-2","status":"publish","type":"post","link":"https:\/\/jackmedia.be\/kairos\/index.php\/2018\/06\/25\/les-mots-du-chef-2\/","title":{"rendered":"Les mots du chef"},"content":{"rendered":"<p>C\u2019est \u00e0 la Maison du Livre de Saint-Gilles que l\u2019ensemble vocal Ka\u00efros \u00e0 cl\u00f4tur\u00e9 sa saison musicale avec un programme consacr\u00e9 au po\u00e8te et musicien espagnol Federico Garcia Lorca. Le lieu d\u00e9di\u00e9 aux rencontres litt\u00e9raires convenait parfaitement \u00e0 ce genre de manifestation, car il mettait en valeur autant les textes po\u00e9tiques que la musique.<\/p>\n<p>Les th\u00e8mes sombres qui hantent la po\u00e9sie de Lorca, et notamment l\u2019angoisse de la mort omnipr\u00e9sente, alternaient avec des m\u00e9lodies traditionnelles, o\u00f9 le charme, l\u2019humour et la fra\u00eecheur de la verve populaire espagnole transparaissaient \u00e0 chaque instant. Un \u00a0public nombreux et attentif a accueilli avec enthousiasme la belle prestation de l\u2019ensemble.<\/p>\n<p>Le jeune guitariste Pedro Da Silva Soares et la r\u00e9citante Monique Manceaux se sont int\u00e9gr\u00e9s avec bonheur \u00e0 l\u2019ensemble, l\u2019un en accompagnant le <em>Romancero Gitano<\/em> et les chansons populaires de Lorca \u00e0 la guitare, l\u2019autre en d\u00e9clamant les vers du grand po\u00e8te pour les rendre accessibles au public.<\/p>\n<p>L\u2019atmosph\u00e8re intimiste d\u2019un salon litt\u00e9raire a \u00e9t\u00e9 parfaitement rendue, pour le plus grand plaisir des auditeurs!<\/p>\n","protected":false},"excerpt":{"rendered":"<p>C\u2019est \u00e0 la Maison du Livre de Saint-Gilles que l\u2019ensemble vocal Ka\u00efros \u00e0 cl\u00f4tur\u00e9 sa saison musicale avec un programme consacr\u00e9 au po\u00e8te et musicien espagnol Federico Garcia Lorca. Le lieu d\u00e9di\u00e9 aux rencontres litt\u00e9raires convenait parfaitement \u00e0 ce genre de manifestation, car il mettait en valeur autant les textes po\u00e9tiques que la musique. Les [&hellip;]<\/p>\n","protected":false},"author":7,"featured_media":0,"comment_status":"closed","ping_status":"closed","sticky":false,"template":"","format":"standard","meta":[],"categories":[1],"tags":[],"_links":{"self":[{"href":"https:\/\/jackmedia.be\/kairos\/index.php\/wp-json\/wp\/v2\/posts\/944"}],"collection":[{"href":"https:\/\/jackmedia.be\/kairos\/index.php\/wp-json\/wp\/v2\/posts"}],"about":[{"href":"https:\/\/jackmedia.be\/kairos\/index.php\/wp-json\/wp\/v2\/types\/post"}],"author":[{"embeddable":true,"href":"https:\/\/jackmedia.be\/kairos\/index.php\/wp-json\/wp\/v2\/users\/7"}],"replies":[{"embeddable":true,"href":"https:\/\/jackmedia.be\/kairos\/index.php\/wp-json\/wp\/v2\/comments?post=944"}],"version-history":[{"count":0,"href":"https:\/\/jackmedia.be\/kairos\/index.php\/wp-json\/wp\/v2\/posts\/944\/revisions"}],"wp:attachment":[{"href":"https:\/\/jackmedia.be\/kairos\/index.php\/wp-json\/wp\/v2\/media?parent=944"}],"wp:term":[{"taxonomy":"category","embeddable":true,"href":"https:\/\/jackmedia.be\/kairos\/index.php\/wp-json\/wp\/v2\/categories?post=944"},{"taxonomy":"post_tag","embeddable":true,"href":"https:\/\/jackmedia.be\/kairos\/index.php\/wp-json\/wp\/v2\/tags?post=944"}],"curies":[{"name":"wp","href":"https:\/\/api.w.org\/{rel}","templated":true}]}}