{"id":930,"date":"2018-06-04T18:35:59","date_gmt":"2018-06-04T17:35:59","guid":{"rendered":"https:\/\/ensemblecvocalkairos.wordpress.com\/?p=930"},"modified":"2022-05-05T16:38:40","modified_gmt":"2022-05-05T14:38:40","slug":"concert-a-la-maison-du-livre-de-saint-gilles-le-23-juin-2018-a-20h30","status":"publish","type":"post","link":"https:\/\/jackmedia.be\/kairos\/index.php\/2018\/06\/04\/concert-a-la-maison-du-livre-de-saint-gilles-le-23-juin-2018-a-20h30\/","title":{"rendered":"concert \u00e0 la maison du livre de Saint-Gilles le 23 juin 2018 \u00e0 20H30"},"content":{"rendered":"<h1>Les myst\u00e8res de l\u2019\u00e2me espagnole<\/h1>\n<h1><img loading=\"lazy\" class=\"alignnone wp-image-1776 size-full\" src=\"http:\/\/jackmedia.be\/kairos\/wp-content\/uploads\/2018\/06\/kac3afros-en-concert-23-juin-20h30-maison-du-livre-saint-gilles-000.jpg\" alt=\"\" width=\"1754\" height=\"2480\" srcset=\"https:\/\/jackmedia.be\/kairos\/wp-content\/uploads\/2018\/06\/kac3afros-en-concert-23-juin-20h30-maison-du-livre-saint-gilles-000.jpg 1754w, https:\/\/jackmedia.be\/kairos\/wp-content\/uploads\/2018\/06\/kac3afros-en-concert-23-juin-20h30-maison-du-livre-saint-gilles-000-212x300.jpg 212w, https:\/\/jackmedia.be\/kairos\/wp-content\/uploads\/2018\/06\/kac3afros-en-concert-23-juin-20h30-maison-du-livre-saint-gilles-000-724x1024.jpg 724w, https:\/\/jackmedia.be\/kairos\/wp-content\/uploads\/2018\/06\/kac3afros-en-concert-23-juin-20h30-maison-du-livre-saint-gilles-000-768x1086.jpg 768w, https:\/\/jackmedia.be\/kairos\/wp-content\/uploads\/2018\/06\/kac3afros-en-concert-23-juin-20h30-maison-du-livre-saint-gilles-000-1086x1536.jpg 1086w, https:\/\/jackmedia.be\/kairos\/wp-content\/uploads\/2018\/06\/kac3afros-en-concert-23-juin-20h30-maison-du-livre-saint-gilles-000-1448x2048.jpg 1448w, https:\/\/jackmedia.be\/kairos\/wp-content\/uploads\/2018\/06\/kac3afros-en-concert-23-juin-20h30-maison-du-livre-saint-gilles-000-618x874.jpg 618w, https:\/\/jackmedia.be\/kairos\/wp-content\/uploads\/2018\/06\/kac3afros-en-concert-23-juin-20h30-maison-du-livre-saint-gilles-000-314x444.jpg 314w\" sizes=\"(max-width: 1754px) 100vw, 1754px\" \/><\/h1>\n<h3 style=\"text-align: center;\">\u00a0 dans le cadre de la f\u00eate de la musique.<\/h3>\n<p style=\"text-align: center;\">\u00a0R\u00e9citante: Monique Monceaux<\/p>\n<p style=\"text-align: center;\">Guitariste: Pedro Soares<\/p>\n<p>&nbsp;<\/p>\n","protected":false},"excerpt":{"rendered":"<p>Les myst\u00e8res de l\u2019\u00e2me espagnole \u00a0 dans le cadre de la f\u00eate de la musique. \u00a0R\u00e9citante: Monique Monceaux Guitariste: Pedro Soares &nbsp;<\/p>\n","protected":false},"author":7,"featured_media":0,"comment_status":"closed","ping_status":"closed","sticky":false,"template":"","format":"standard","meta":[],"categories":[1],"tags":[],"_links":{"self":[{"href":"https:\/\/jackmedia.be\/kairos\/index.php\/wp-json\/wp\/v2\/posts\/930"}],"collection":[{"href":"https:\/\/jackmedia.be\/kairos\/index.php\/wp-json\/wp\/v2\/posts"}],"about":[{"href":"https:\/\/jackmedia.be\/kairos\/index.php\/wp-json\/wp\/v2\/types\/post"}],"author":[{"embeddable":true,"href":"https:\/\/jackmedia.be\/kairos\/index.php\/wp-json\/wp\/v2\/users\/7"}],"replies":[{"embeddable":true,"href":"https:\/\/jackmedia.be\/kairos\/index.php\/wp-json\/wp\/v2\/comments?post=930"}],"version-history":[{"count":2,"href":"https:\/\/jackmedia.be\/kairos\/index.php\/wp-json\/wp\/v2\/posts\/930\/revisions"}],"predecessor-version":[{"id":1778,"href":"https:\/\/jackmedia.be\/kairos\/index.php\/wp-json\/wp\/v2\/posts\/930\/revisions\/1778"}],"wp:attachment":[{"href":"https:\/\/jackmedia.be\/kairos\/index.php\/wp-json\/wp\/v2\/media?parent=930"}],"wp:term":[{"taxonomy":"category","embeddable":true,"href":"https:\/\/jackmedia.be\/kairos\/index.php\/wp-json\/wp\/v2\/categories?post=930"},{"taxonomy":"post_tag","embeddable":true,"href":"https:\/\/jackmedia.be\/kairos\/index.php\/wp-json\/wp\/v2\/tags?post=930"}],"curies":[{"name":"wp","href":"https:\/\/api.w.org\/{rel}","templated":true}]}}