{"id":918,"date":"2018-05-23T16:35:29","date_gmt":"2018-05-23T15:35:29","guid":{"rendered":"https:\/\/ensemblecvocalkairos.wordpress.com\/?p=918"},"modified":"2018-05-23T16:35:29","modified_gmt":"2018-05-23T15:35:29","slug":"concert-a-la-maison-du-livre-de-saint-gilles-le-23-juin-2018-a-20h","status":"publish","type":"post","link":"https:\/\/jackmedia.be\/kairos\/index.php\/2018\/05\/23\/concert-a-la-maison-du-livre-de-saint-gilles-le-23-juin-2018-a-20h\/","title":{"rendered":"Les mots du chef 4 juin 2018"},"content":{"rendered":"<p>En venant de l\u2019avenue Louise, p\u00e9n\u00e9trer dans l\u2019enceinte de l\u2019abbaye de La Cambre est litt\u00e9ralement comme une plong\u00e9e dans les si\u00e8cles pass\u00e9s.\u00a0Un sentier escarp\u00e9,\u00a0serr\u00e9 entre un mur de pierre s\u00e9culaire et les grands arbres qui laissent appara\u00eetre \u00e7a et l\u00e0 un pan de mur ou un bout de clocher, s\u2019enroule autour de l\u2019\u00e9glise abbatiale et d\u00e9bouche sur la cour d\u2019honneur.<\/p>\n<p>C\u2019est dans ce lieu exceptionnel que l\u2019ensemble vocal Ka\u00efros a donn\u00e9 le dimanche 3 juin \u00e0 17h un programme intitul\u00e9 \u00ab\u00a0<em>Les myst\u00e8res de l&rsquo;\u00e2me espagnole: Federico Garcia Lorca, po\u00e8te et musicien<\/em>\u00a0\u00bb dans le cadre du festival \u00ab <em>Les petites heures de La Cambre<\/em>\u00a0\u00bb.<\/p>\n<p>Les deux premi\u00e8res pi\u00e8ces de musique sacr\u00e9e (un <em>Ave Maria\u00a0<\/em>suave et un <em>De Profundis\u00a0<\/em>poignant de Javier Busto) permettaient de faire le lien entre ce haut lieu de spiritualit\u00e9 et la po\u00e9sie de Lorca enracin\u00e9e dans la terre et l\u2019histoire tragique de l\u2019Espagne \u00e0 l\u2019\u00e9poque de la guerre civile.<\/p>\n<p>Les po\u00e8mes admirablement mis en musique par le Finlandais E.Rautavaara, et l\u2019Italo-Am\u00e9ricain Castelnuovo-Tedesco ont \u00e9t\u00e9 interpr\u00e9t\u00e9s avec ma\u00eetrise et passion par l\u2019ensemble vocal Ka\u00efros, second\u00e9s pour l\u2019occasion par la r\u00e9citante Monique Manceaux et le guitariste Pedro Soares.<\/p>\n<p>Ce concert illustrait parfaitement les liens \u00e9troits qui existent entre musique et spiritualit\u00e9, entre l\u2019expression des joies et des souffrances humaines et l\u2019aspiration au divin pr\u00e9sente dans le coeur de l\u2019homme.<\/p>\n<p>Marguerite Rey, organisatrice du concert, notait ceci en guise d\u2019introduction:<\/p>\n<p>\u00ab\u00a0Quand l&rsquo;Amour est parti &#8230; que reste t&rsquo;il ? La peur au ventre, la solitude, la mort qui guette au coin des rues, le chagrin langoureux, la pluie de larmes\u00a0 &#8230; Quand l&rsquo;Amour est parti &#8230; tangue la procession seul recours aux coeurs meurtris &#8230;<\/p>\n<p>Cette superbe \u00e9vocation de l&rsquo;\u00e2me espagnole transcende le temps et l&rsquo;espace, ainsi que le <em>de profundis\u00a0<\/em>d&rsquo;ouverture porte l&rsquo;universelle souffrance des victimes innocentes emport\u00e9es par la d\u00e9raison et les guerres fratricides.\u00a0\u00bb<\/p>\n","protected":false},"excerpt":{"rendered":"<p>En venant de l\u2019avenue Louise, p\u00e9n\u00e9trer dans l\u2019enceinte de l\u2019abbaye de La Cambre est litt\u00e9ralement comme une plong\u00e9e dans les si\u00e8cles pass\u00e9s.\u00a0Un sentier escarp\u00e9,\u00a0serr\u00e9 entre un mur de pierre s\u00e9culaire et les grands arbres qui laissent appara\u00eetre \u00e7a et l\u00e0 un pan de mur ou un bout de clocher, s\u2019enroule autour de l\u2019\u00e9glise abbatiale et [&hellip;]<\/p>\n","protected":false},"author":7,"featured_media":0,"comment_status":"closed","ping_status":"closed","sticky":false,"template":"","format":"standard","meta":[],"categories":[1],"tags":[],"_links":{"self":[{"href":"https:\/\/jackmedia.be\/kairos\/index.php\/wp-json\/wp\/v2\/posts\/918"}],"collection":[{"href":"https:\/\/jackmedia.be\/kairos\/index.php\/wp-json\/wp\/v2\/posts"}],"about":[{"href":"https:\/\/jackmedia.be\/kairos\/index.php\/wp-json\/wp\/v2\/types\/post"}],"author":[{"embeddable":true,"href":"https:\/\/jackmedia.be\/kairos\/index.php\/wp-json\/wp\/v2\/users\/7"}],"replies":[{"embeddable":true,"href":"https:\/\/jackmedia.be\/kairos\/index.php\/wp-json\/wp\/v2\/comments?post=918"}],"version-history":[{"count":0,"href":"https:\/\/jackmedia.be\/kairos\/index.php\/wp-json\/wp\/v2\/posts\/918\/revisions"}],"wp:attachment":[{"href":"https:\/\/jackmedia.be\/kairos\/index.php\/wp-json\/wp\/v2\/media?parent=918"}],"wp:term":[{"taxonomy":"category","embeddable":true,"href":"https:\/\/jackmedia.be\/kairos\/index.php\/wp-json\/wp\/v2\/categories?post=918"},{"taxonomy":"post_tag","embeddable":true,"href":"https:\/\/jackmedia.be\/kairos\/index.php\/wp-json\/wp\/v2\/tags?post=918"}],"curies":[{"name":"wp","href":"https:\/\/api.w.org\/{rel}","templated":true}]}}