{"id":905,"date":"2018-05-16T13:58:29","date_gmt":"2018-05-16T12:58:29","guid":{"rendered":"https:\/\/ensemblecvocalkairos.wordpress.com\/?p=905"},"modified":"2022-05-05T16:37:04","modified_gmt":"2022-05-05T14:37:04","slug":"kairos-a-labbaye-de-la-cambre-le-3-juin-2018-a-17h","status":"publish","type":"post","link":"https:\/\/jackmedia.be\/kairos\/index.php\/2018\/05\/16\/kairos-a-labbaye-de-la-cambre-le-3-juin-2018-a-17h\/","title":{"rendered":"Concert \u00e0 l&rsquo;Abbaye de La Cambre le 3 juin 2018 \u00e0 17H."},"content":{"rendered":"<h2><strong>Les myst\u00e8res de l&rsquo;\u00e2me espagnole <\/strong><\/h2>\n<h2><strong>Federico Garcia Lorca, po\u00e8te et musicien<\/strong><\/h2>\n<p><img loading=\"lazy\" class=\"alignnone size-full wp-image-1767\" src=\"http:\/\/jackmedia.be\/kairos\/wp-content\/uploads\/2018\/01\/photo-garcia-lorca-3.jpg\" alt=\"\" width=\"279\" height=\"181\" \/><\/p>\n<p>Le programme\u00a0\u00a0propos\u00e9 par l\u2019ensemble vocal Ka\u00efros s\u2019articule autour du reccueil de F. Garcia Lorca,\u00a0<em>Romancero Gitano<\/em>, \u00e9crit en 1928, dont plusieurs po\u00e8mes ont \u00e9t\u00e9 mis en musique par les compositeurs italo-am\u00e9ricain M.Castelnuovo-Tedesco et finlandais E.Rautavaara.<\/p>\n<p>En contrepoint de cette \u0153uvre magistrale, des m\u00e9lodies populaires espagnoles, dont certaines recueillies et arrang\u00e9es par Lorca lui-m\u00eame, viennent compl\u00e9ter un panorama o\u00f9 la\u00a0 guitare, v\u00e9ritable\u00a0 partenaire privil\u00e9gi\u00e9 des voix, tient une place incontournable.<\/p>\n<p>Tant dans les chansons populaires, que dans le Romancero, on retrouve les m\u00eames r\u00e9f\u00e9rences \u00e0 l\u2019\u00e2me espagnole, marqu\u00e9e par les influences combin\u00e9es du folklore, de l\u2019amour de la terre, de la culture gitane et des traditions religieuses m\u00eal\u00e9es \u00e0 une fascination pour la mort.<\/p>\n<p style=\"text-align: center;\">Programme:<\/p>\n<p style=\"text-align: center;\">J.Busto : Ave Maria ; De profundis<\/p>\n<p style=\"text-align: center;\">E. Rautavaara: Fragmentos de agon\u00eda ; \u00ab\u00a0Suite\u201d de Lorca<\/p>\n<p style=\"text-align: center;\">Mario Castelnuovo-Tedesco: Romancero Gitano<\/p>\n<p style=\"text-align: center;\">F.G.Lorca (harmonisation) : Las Morillas de Jaen<\/p>\n<p style=\"text-align: center;\">R\u00e9citante: Monique Monceaux<\/p>\n<p style=\"text-align: center;\">Guitariste: Pedro Soares<\/p>\n<p><img loading=\"lazy\" class=\"alignnone size-medium wp-image-666\" src=\"http:\/\/jackmedia.be\/kairos\/wp-content\/uploads\/2017\/09\/abbaye-de-la-cambre-300x225.jpg\" alt=\"\" width=\"300\" height=\"225\" srcset=\"https:\/\/jackmedia.be\/kairos\/wp-content\/uploads\/2017\/09\/abbaye-de-la-cambre-300x225.jpg 300w, https:\/\/jackmedia.be\/kairos\/wp-content\/uploads\/2017\/09\/abbaye-de-la-cambre.jpg 550w\" sizes=\"(max-width: 300px) 100vw, 300px\" \/><\/p>\n<p>PARTICIPATION LIBRE<\/p>\n<h4>Dans le cadre des <em>petites heures de l&rsquo;Abbaye de La Cambre. \u00a0<\/em><a href=\"http:\/\/www.lesgrandesheures.be\/\">info: <\/a><\/h4>\n<p>&nbsp;<\/p>\n","protected":false},"excerpt":{"rendered":"<p>Les myst\u00e8res de l&rsquo;\u00e2me espagnole Federico Garcia Lorca, po\u00e8te et musicien Le programme\u00a0\u00a0propos\u00e9 par l\u2019ensemble vocal Ka\u00efros s\u2019articule autour du reccueil de F. Garcia Lorca,\u00a0Romancero Gitano, \u00e9crit en 1928, dont plusieurs po\u00e8mes ont \u00e9t\u00e9 mis en musique par les compositeurs italo-am\u00e9ricain M.Castelnuovo-Tedesco et finlandais E.Rautavaara. En contrepoint de cette \u0153uvre magistrale, des m\u00e9lodies populaires espagnoles, [&hellip;]<\/p>\n","protected":false},"author":7,"featured_media":0,"comment_status":"closed","ping_status":"closed","sticky":false,"template":"","format":"standard","meta":[],"categories":[1],"tags":[],"_links":{"self":[{"href":"https:\/\/jackmedia.be\/kairos\/index.php\/wp-json\/wp\/v2\/posts\/905"}],"collection":[{"href":"https:\/\/jackmedia.be\/kairos\/index.php\/wp-json\/wp\/v2\/posts"}],"about":[{"href":"https:\/\/jackmedia.be\/kairos\/index.php\/wp-json\/wp\/v2\/types\/post"}],"author":[{"embeddable":true,"href":"https:\/\/jackmedia.be\/kairos\/index.php\/wp-json\/wp\/v2\/users\/7"}],"replies":[{"embeddable":true,"href":"https:\/\/jackmedia.be\/kairos\/index.php\/wp-json\/wp\/v2\/comments?post=905"}],"version-history":[{"count":2,"href":"https:\/\/jackmedia.be\/kairos\/index.php\/wp-json\/wp\/v2\/posts\/905\/revisions"}],"predecessor-version":[{"id":1775,"href":"https:\/\/jackmedia.be\/kairos\/index.php\/wp-json\/wp\/v2\/posts\/905\/revisions\/1775"}],"wp:attachment":[{"href":"https:\/\/jackmedia.be\/kairos\/index.php\/wp-json\/wp\/v2\/media?parent=905"}],"wp:term":[{"taxonomy":"category","embeddable":true,"href":"https:\/\/jackmedia.be\/kairos\/index.php\/wp-json\/wp\/v2\/categories?post=905"},{"taxonomy":"post_tag","embeddable":true,"href":"https:\/\/jackmedia.be\/kairos\/index.php\/wp-json\/wp\/v2\/tags?post=905"}],"curies":[{"name":"wp","href":"https:\/\/api.w.org\/{rel}","templated":true}]}}