{"id":900,"date":"2018-03-28T14:00:37","date_gmt":"2018-03-28T13:00:37","guid":{"rendered":"https:\/\/ensemblecvocalkairos.wordpress.com\/?p=900"},"modified":"2022-05-05T16:34:50","modified_gmt":"2022-05-05T14:34:50","slug":"les-mots-du-chef","status":"publish","type":"post","link":"https:\/\/jackmedia.be\/kairos\/index.php\/2018\/03\/28\/les-mots-du-chef\/","title":{"rendered":"Les mots du chef"},"content":{"rendered":"<p>C\u2019est par une radieuse journ\u00e9e printani\u00e8re que l\u2019ensemble vocal Ka\u00efros (dir.Bruno Crabb\u00e9) s\u2019est retrouv\u00e9 \u00e0 Olloy-sur-Viroin ce dimanche 25 mars \u00e0 11h, pour y donner son nouveau programme \u00ab Le myst\u00e8re de l&rsquo;\u00e2me espagnole \u00bb consacr\u00e9 au po\u00e8te et musicien Federico Garcia Lorca.<\/p>\n<p><img loading=\"lazy\" class=\"alignnone wp-image-1770 size-full\" src=\"http:\/\/jackmedia.be\/kairos\/wp-content\/uploads\/2018\/03\/img_2440-e1522242023418-scaled.jpg\" alt=\"\" width=\"2560\" height=\"1194\" srcset=\"https:\/\/jackmedia.be\/kairos\/wp-content\/uploads\/2018\/03\/img_2440-e1522242023418-scaled.jpg 2560w, https:\/\/jackmedia.be\/kairos\/wp-content\/uploads\/2018\/03\/img_2440-e1522242023418-300x140.jpg 300w, https:\/\/jackmedia.be\/kairos\/wp-content\/uploads\/2018\/03\/img_2440-e1522242023418-1024x478.jpg 1024w, https:\/\/jackmedia.be\/kairos\/wp-content\/uploads\/2018\/03\/img_2440-e1522242023418-768x358.jpg 768w, https:\/\/jackmedia.be\/kairos\/wp-content\/uploads\/2018\/03\/img_2440-e1522242023418-1536x717.jpg 1536w, https:\/\/jackmedia.be\/kairos\/wp-content\/uploads\/2018\/03\/img_2440-e1522242023418-2048x956.jpg 2048w, https:\/\/jackmedia.be\/kairos\/wp-content\/uploads\/2018\/03\/img_2440-e1522242023418-618x288.jpg 618w, https:\/\/jackmedia.be\/kairos\/wp-content\/uploads\/2018\/03\/img_2440-e1522242023418-444x207.jpg 444w\" sizes=\"(max-width: 2560px) 100vw, 2560px\" \/><\/p>\n<p>Le public local, compos\u00e9 essentiellement d\u2019habitu\u00e9s de ces concerts-ap\u00e9ritif &#8211; une sympathique formule imagin\u00e9e par le centre culturel Action-Sud de Nismes &#8211; a applaudi chaleureusement les artistes \u00e0 l\u2019issue du concert.<br \/>\nLe programme proposait en alternance des oeuvres contemporaines compos\u00e9es sur des po\u00e8mes de Lorca, et d&rsquo;anciennes chansons espagnoles recueillies et harmonis\u00e9es par Lorca lui-m\u00eame.<br \/>\nL\u2019ensemble vocal Ka\u00efros \u00e9tait accompagn\u00e9 pour l\u2019occasion par le jeune guitariste Pedro Soares et par la r\u00e9citante Monique Manceaux, pour un exceptionnel moment de musique et de po\u00e9sie au service de l\u2019oeuvre du grand po\u00e8te.<\/p>\n<p><img loading=\"lazy\" class=\"alignnone wp-image-1771 size-full\" src=\"http:\/\/jackmedia.be\/kairos\/wp-content\/uploads\/2018\/03\/img_2442-e1522242204512-scaled.jpg\" alt=\"\" width=\"2560\" height=\"1253\" srcset=\"https:\/\/jackmedia.be\/kairos\/wp-content\/uploads\/2018\/03\/img_2442-e1522242204512-scaled.jpg 2560w, https:\/\/jackmedia.be\/kairos\/wp-content\/uploads\/2018\/03\/img_2442-e1522242204512-300x147.jpg 300w, https:\/\/jackmedia.be\/kairos\/wp-content\/uploads\/2018\/03\/img_2442-e1522242204512-1024x501.jpg 1024w, https:\/\/jackmedia.be\/kairos\/wp-content\/uploads\/2018\/03\/img_2442-e1522242204512-768x376.jpg 768w, https:\/\/jackmedia.be\/kairos\/wp-content\/uploads\/2018\/03\/img_2442-e1522242204512-1536x752.jpg 1536w, https:\/\/jackmedia.be\/kairos\/wp-content\/uploads\/2018\/03\/img_2442-e1522242204512-2048x1003.jpg 2048w, https:\/\/jackmedia.be\/kairos\/wp-content\/uploads\/2018\/03\/img_2442-e1522242204512-618x303.jpg 618w, https:\/\/jackmedia.be\/kairos\/wp-content\/uploads\/2018\/03\/img_2442-e1522242204512-444x217.jpg 444w\" sizes=\"(max-width: 2560px) 100vw, 2560px\" \/><br \/>\nUne anecdote m\u00e9rite d\u2019\u00eatre soulign\u00e9e: en face du centre culturel de Nismes, se trouve une fa\u00e7ade avec une plaque comm\u00e9morative \u00e0 la m\u00e9moire de Pierre Bosseau, humble porcher n\u00e9 \u00e0 Nismes et devenu marquis de Chateaufort puis capitaine g\u00e9n\u00e9ral de la Vieille Castille avant de d\u00e9c\u00e9der \u00e0 Zamora en 1741. Un lien historique qui unit donc Nismes \u00e0 l\u2019Espagne&#8230;<\/p>\n","protected":false},"excerpt":{"rendered":"<p>C\u2019est par une radieuse journ\u00e9e printani\u00e8re que l\u2019ensemble vocal Ka\u00efros (dir.Bruno Crabb\u00e9) s\u2019est retrouv\u00e9 \u00e0 Olloy-sur-Viroin ce dimanche 25 mars \u00e0 11h, pour y donner son nouveau programme \u00ab Le myst\u00e8re de l&rsquo;\u00e2me espagnole \u00bb consacr\u00e9 au po\u00e8te et musicien Federico Garcia Lorca. Le public local, compos\u00e9 essentiellement d\u2019habitu\u00e9s de ces concerts-ap\u00e9ritif &#8211; une sympathique [&hellip;]<\/p>\n","protected":false},"author":7,"featured_media":0,"comment_status":"closed","ping_status":"closed","sticky":false,"template":"","format":"standard","meta":[],"categories":[1],"tags":[],"_links":{"self":[{"href":"https:\/\/jackmedia.be\/kairos\/index.php\/wp-json\/wp\/v2\/posts\/900"}],"collection":[{"href":"https:\/\/jackmedia.be\/kairos\/index.php\/wp-json\/wp\/v2\/posts"}],"about":[{"href":"https:\/\/jackmedia.be\/kairos\/index.php\/wp-json\/wp\/v2\/types\/post"}],"author":[{"embeddable":true,"href":"https:\/\/jackmedia.be\/kairos\/index.php\/wp-json\/wp\/v2\/users\/7"}],"replies":[{"embeddable":true,"href":"https:\/\/jackmedia.be\/kairos\/index.php\/wp-json\/wp\/v2\/comments?post=900"}],"version-history":[{"count":2,"href":"https:\/\/jackmedia.be\/kairos\/index.php\/wp-json\/wp\/v2\/posts\/900\/revisions"}],"predecessor-version":[{"id":1772,"href":"https:\/\/jackmedia.be\/kairos\/index.php\/wp-json\/wp\/v2\/posts\/900\/revisions\/1772"}],"wp:attachment":[{"href":"https:\/\/jackmedia.be\/kairos\/index.php\/wp-json\/wp\/v2\/media?parent=900"}],"wp:term":[{"taxonomy":"category","embeddable":true,"href":"https:\/\/jackmedia.be\/kairos\/index.php\/wp-json\/wp\/v2\/categories?post=900"},{"taxonomy":"post_tag","embeddable":true,"href":"https:\/\/jackmedia.be\/kairos\/index.php\/wp-json\/wp\/v2\/tags?post=900"}],"curies":[{"name":"wp","href":"https:\/\/api.w.org\/{rel}","templated":true}]}}