{"id":868,"date":"2018-01-28T13:06:41","date_gmt":"2018-01-28T12:06:41","guid":{"rendered":"https:\/\/ensemblecvocalkairos.wordpress.com\/?p=868"},"modified":"2022-05-05T16:31:45","modified_gmt":"2022-05-05T14:31:45","slug":"concert-dans-leglise-dolloy-sur-viroin-dimanche-25-mars-2018-a-11h-2","status":"publish","type":"post","link":"https:\/\/jackmedia.be\/kairos\/index.php\/2018\/01\/28\/concert-dans-leglise-dolloy-sur-viroin-dimanche-25-mars-2018-a-11h-2\/","title":{"rendered":"Concert dans l&rsquo;\u00e9glise d&rsquo;Olloy sur Viroin, dimanche 25 mars 2018 \u00e0 11H"},"content":{"rendered":"<h1><em>Myst\u00e8re de l&rsquo;\u00e2me espagnole<\/em><\/h1>\n<h2><em>Federico Garcia Lorca, po\u00e8te et musicien<\/em><\/h2>\n<h2>\u00a0<img loading=\"lazy\" class=\"alignnone size-medium wp-image-1767\" src=\"http:\/\/jackmedia.be\/kairos\/wp-content\/uploads\/2018\/01\/photo-garcia-lorca-3.jpg\" alt=\"\" width=\"279\" height=\"181\" \/><\/h2>\n<h6>L\u2019ensemble vocal Ka\u00efros invite \u00e0 un voyage au coeur de l\u2019\u00e2me espagnole,\u00a0en plongeant dans l\u2019univers fascinant de\u00a0<span class=\"\">Federico Garc\u00eda Lorca, po\u00e8te et dramaturge, mais \u00e9galement peintre, pianiste et compositeur<\/span>.<\/h6>\n<h6>N\u00e9 le 5 juin 1898 \u00e0 Fuente Vaqueros pr\u00e8s de Grenade, le po\u00e8te est assassin\u00e9 le 19 ao\u00fbt 1936 entre Viznar et Alfacar par des milices franquistes.<\/h6>\n<h6>En 1919, Garc\u00eda Lorca se rend \u00e0 Madrid, o\u00f9 il restera les quinze ann\u00e9es suivantes. Renon\u00e7ant aux \u00e9tudes universitaires, il se consacre enti\u00e8rement \u00e0 son art. Il organise des repr\u00e9sentations th\u00e9\u00e2trales, des lectures publiques de ses po\u00e8mes, et recueille de vieux chants populaires. Une grande partie de son travail montre son int\u00e9r\u00eat pour les traditions populaires ainsi que pour le flamenco et la culture tzigane.<br \/>\nEn 1922, Garc\u00eda Lorca a organis\u00e9 le premier \u00ab\u00a0Cante Jondo\u00a0\u00bb, f\u00eate \u00e0 laquelle participent les plus c\u00e9l\u00e8bres chanteurs et guitaristes espagnols.<\/h6>\n<h6>Dans les ann\u00e9es 20, de plus en plus impliqu\u00e9 dans l&rsquo;avant-garde, Garc\u00eda Lorca d\u00e9couvre le Surr\u00e9alisme et devient membre du groupe d&rsquo;artistes Generaci\u00f3n del 27, qui comprend notamment Salvador Dal\u00ed et Luis Bu\u00f1uel.<\/h6>\n<p>En 1928, son livre de po\u00e9sie,\u00a0<i class=\"\">Romancero Gitano<\/i>, lui donne une renomm\u00e9e consid\u00e9rable.<\/p>\n<h6><span class=\"\">Le programme\u00a0<\/span>\u00a0propos\u00e9 par l\u2019ensemble vocal Ka\u00efros s\u2019articule autour de ce recueil, dont plusieurs po\u00e8mes ont \u00e9t\u00e9 mis en musique par les compositeurs italo-am\u00e9ricain M.Castelnuovo-Tedesco et finlandais E.Rautavaara.\u00a0En contrepoint de cette \u0153uvre magistrale, des m\u00e9lodies populaires espagnoles, dont certaines recueillies et arrang\u00e9es par Lorca lui-m\u00eame, viennent compl\u00e9ter un panorama o\u00f9 la\u00a0 guitare, v\u00e9ritable\u00a0 partenaire privil\u00e9gi\u00e9 des voix, tient une place incontournable.<\/h6>\n<p>Tant dans les chansons populaires, que dans le Romancero, on retrouve les m\u00eames r\u00e9f\u00e9rences \u00e0 l\u2019\u00e2me espagnole, marqu\u00e9e par les influences combin\u00e9es du folklore, de l\u2019amour de la terre, de la culture gitane et des traditions religieuses m\u00eal\u00e9es \u00e0 une fascination pour la mort.<\/p>\n<p>R\u00e9citante: Monique Monceaux<\/p>\n<p>Guitariste: Pedro Soares<\/p>\n<h4>Ce concert est organis\u00e9 par le Centre Culturel Action-Sud de Nismes.<\/h4>\n<p>info et r\u00e9servation: billetterie@action-sud.be \u00a0 \u00a0 060 31 01 60 ou 64<\/p>\n<p>&nbsp;<\/p>\n<h4><\/h4>\n","protected":false},"excerpt":{"rendered":"<p>Myst\u00e8re de l&rsquo;\u00e2me espagnole Federico Garcia Lorca, po\u00e8te et musicien \u00a0 L\u2019ensemble vocal Ka\u00efros invite \u00e0 un voyage au coeur de l\u2019\u00e2me espagnole,\u00a0en plongeant dans l\u2019univers fascinant de\u00a0Federico Garc\u00eda Lorca, po\u00e8te et dramaturge, mais \u00e9galement peintre, pianiste et compositeur. N\u00e9 le 5 juin 1898 \u00e0 Fuente Vaqueros pr\u00e8s de Grenade, le po\u00e8te est assassin\u00e9 le [&hellip;]<\/p>\n","protected":false},"author":7,"featured_media":0,"comment_status":"closed","ping_status":"closed","sticky":false,"template":"","format":"standard","meta":[],"categories":[1],"tags":[],"_links":{"self":[{"href":"https:\/\/jackmedia.be\/kairos\/index.php\/wp-json\/wp\/v2\/posts\/868"}],"collection":[{"href":"https:\/\/jackmedia.be\/kairos\/index.php\/wp-json\/wp\/v2\/posts"}],"about":[{"href":"https:\/\/jackmedia.be\/kairos\/index.php\/wp-json\/wp\/v2\/types\/post"}],"author":[{"embeddable":true,"href":"https:\/\/jackmedia.be\/kairos\/index.php\/wp-json\/wp\/v2\/users\/7"}],"replies":[{"embeddable":true,"href":"https:\/\/jackmedia.be\/kairos\/index.php\/wp-json\/wp\/v2\/comments?post=868"}],"version-history":[{"count":2,"href":"https:\/\/jackmedia.be\/kairos\/index.php\/wp-json\/wp\/v2\/posts\/868\/revisions"}],"predecessor-version":[{"id":1768,"href":"https:\/\/jackmedia.be\/kairos\/index.php\/wp-json\/wp\/v2\/posts\/868\/revisions\/1768"}],"wp:attachment":[{"href":"https:\/\/jackmedia.be\/kairos\/index.php\/wp-json\/wp\/v2\/media?parent=868"}],"wp:term":[{"taxonomy":"category","embeddable":true,"href":"https:\/\/jackmedia.be\/kairos\/index.php\/wp-json\/wp\/v2\/categories?post=868"},{"taxonomy":"post_tag","embeddable":true,"href":"https:\/\/jackmedia.be\/kairos\/index.php\/wp-json\/wp\/v2\/tags?post=868"}],"curies":[{"name":"wp","href":"https:\/\/api.w.org\/{rel}","templated":true}]}}