{"id":830,"date":"2017-12-23T15:30:54","date_gmt":"2017-12-23T14:30:54","guid":{"rendered":"https:\/\/ensemblecvocalkairos.wordpress.com\/?p=830"},"modified":"2022-05-05T16:27:20","modified_gmt":"2022-05-05T14:27:20","slug":"concert-dans-leglise-dolloy-sur-viroin-dimanche-25-mars-2018-a-11h","status":"publish","type":"post","link":"https:\/\/jackmedia.be\/kairos\/index.php\/2017\/12\/23\/concert-dans-leglise-dolloy-sur-viroin-dimanche-25-mars-2018-a-11h\/","title":{"rendered":"Les mots du chef"},"content":{"rendered":"<h4>A l\u2019occasion du 3\u00e8me week-end de l\u2019Avent, Ka\u00efros a interpr\u00e9t\u00e9 pour la derni\u00e8re fois le programme \u00abPolyphonies d&rsquo;Europe centrale\u00bb.<\/h4>\n<p>Le vendredi 15 d\u00e9cembre, l\u2019Acad\u00e9mie A. De Greef de Saint-Gilles nous invitait \u00e0 la Maison du Livre situ\u00e9e rue de Rome, dans un ancien magasin de textile r\u00e9am\u00e9nag\u00e9 en biblioth\u00e8que, pour f\u00eater l\u2019inauguration d\u2019un piano Gunther offert par une ancienne \u00e9l\u00e8ve Madame Suzanne Petit.\u00a0Le compositeur et directeur honoraire de l\u2019Acad\u00e9mie Jean-Marie Rens a donn\u00e9 une conf\u00e9rence sur les liens entre texte et musique, suivie du concert.<\/p>\n<p><img loading=\"lazy\" class=\"alignnone wp-image-1744 size-full\" src=\"http:\/\/jackmedia.be\/kairos\/wp-content\/uploads\/2017\/12\/2017-12-15-soirc3a9e-texte-musique-jmr-kairos-6-sur-22-scaled.jpg\" alt=\"\" width=\"2560\" height=\"1707\" srcset=\"https:\/\/jackmedia.be\/kairos\/wp-content\/uploads\/2017\/12\/2017-12-15-soirc3a9e-texte-musique-jmr-kairos-6-sur-22-scaled.jpg 2560w, https:\/\/jackmedia.be\/kairos\/wp-content\/uploads\/2017\/12\/2017-12-15-soirc3a9e-texte-musique-jmr-kairos-6-sur-22-300x200.jpg 300w, https:\/\/jackmedia.be\/kairos\/wp-content\/uploads\/2017\/12\/2017-12-15-soirc3a9e-texte-musique-jmr-kairos-6-sur-22-1024x683.jpg 1024w, https:\/\/jackmedia.be\/kairos\/wp-content\/uploads\/2017\/12\/2017-12-15-soirc3a9e-texte-musique-jmr-kairos-6-sur-22-768x512.jpg 768w, https:\/\/jackmedia.be\/kairos\/wp-content\/uploads\/2017\/12\/2017-12-15-soirc3a9e-texte-musique-jmr-kairos-6-sur-22-1536x1024.jpg 1536w, https:\/\/jackmedia.be\/kairos\/wp-content\/uploads\/2017\/12\/2017-12-15-soirc3a9e-texte-musique-jmr-kairos-6-sur-22-2048x1365.jpg 2048w, https:\/\/jackmedia.be\/kairos\/wp-content\/uploads\/2017\/12\/2017-12-15-soirc3a9e-texte-musique-jmr-kairos-6-sur-22-618x412.jpg 618w, https:\/\/jackmedia.be\/kairos\/wp-content\/uploads\/2017\/12\/2017-12-15-soirc3a9e-texte-musique-jmr-kairos-6-sur-22-444x296.jpg 444w\" sizes=\"(max-width: 2560px) 100vw, 2560px\" \/><\/p>\n<p>&nbsp;<\/p>\n<p>Le public constitu\u00e9 d\u2019amateurs avertis a \u00e9t\u00e9 charm\u00e9 par ce r\u00e9pertoire original, assez peu connu chez nous, m\u00ealant la tradition folklorique et la science de l\u2019\u00e9criture polyphonique de grands compositeurs tels que Bardos, Kodaly, Bartok, Ligeti et Dvorak.\u00a0Un couple de Hongrois pr\u00e9sent dans le public m\u2019a f\u00e9licit\u00e9 pour la qualit\u00e9 de la prononciation d\u2019une langue qui nous est pourtant bien \u00e9trang\u00e8re.\u00a0En effet, les origines du hongrois restent \u00e0 ce jour encore assez myst\u00e9rieuses car li\u00e9es \u00e0 des invasions de peuples nomades d\u2019origine turque et indo-europ\u00e9enne.<\/p>\n<p><img loading=\"lazy\" class=\"alignnone wp-image-1745 size-full\" src=\"http:\/\/jackmedia.be\/kairos\/wp-content\/uploads\/2017\/12\/2017-12-15-soirc3a9e-texte-musique-jmr-kairos-22-sur-22-scaled.jpg\" alt=\"\" width=\"2560\" height=\"1707\" srcset=\"https:\/\/jackmedia.be\/kairos\/wp-content\/uploads\/2017\/12\/2017-12-15-soirc3a9e-texte-musique-jmr-kairos-22-sur-22-scaled.jpg 2560w, https:\/\/jackmedia.be\/kairos\/wp-content\/uploads\/2017\/12\/2017-12-15-soirc3a9e-texte-musique-jmr-kairos-22-sur-22-300x200.jpg 300w, https:\/\/jackmedia.be\/kairos\/wp-content\/uploads\/2017\/12\/2017-12-15-soirc3a9e-texte-musique-jmr-kairos-22-sur-22-1024x683.jpg 1024w, https:\/\/jackmedia.be\/kairos\/wp-content\/uploads\/2017\/12\/2017-12-15-soirc3a9e-texte-musique-jmr-kairos-22-sur-22-768x512.jpg 768w, https:\/\/jackmedia.be\/kairos\/wp-content\/uploads\/2017\/12\/2017-12-15-soirc3a9e-texte-musique-jmr-kairos-22-sur-22-1536x1024.jpg 1536w, https:\/\/jackmedia.be\/kairos\/wp-content\/uploads\/2017\/12\/2017-12-15-soirc3a9e-texte-musique-jmr-kairos-22-sur-22-2048x1365.jpg 2048w, https:\/\/jackmedia.be\/kairos\/wp-content\/uploads\/2017\/12\/2017-12-15-soirc3a9e-texte-musique-jmr-kairos-22-sur-22-618x412.jpg 618w, https:\/\/jackmedia.be\/kairos\/wp-content\/uploads\/2017\/12\/2017-12-15-soirc3a9e-texte-musique-jmr-kairos-22-sur-22-444x296.jpg 444w\" sizes=\"(max-width: 2560px) 100vw, 2560px\" \/><\/p>\n<p>&nbsp;<\/p>\n<p>Madame Petit, quant \u00e0 elle, m\u2019a dit avec un regard lumineux avoir \u00e9t\u00e9 transport\u00e9e au septi\u00e8me ciel!<\/p>\n<p>Le lendemain, c\u2019est \u00e0 Lesterny, au coeur des Ardennes pluvieuses, que nous proposions le m\u00eame programme dans l\u2019\u00e9glise du village. Nous \u00e9tions invit\u00e9s par l\u2019asbl Takishwa qui soutient des projets de coop\u00e9ration en Bolivie.\u00a0En arrivant au cr\u00e9puscule dans ce village isol\u00e9, et en d\u00e9couvrant les petites \u00e9choppes faiblement \u00e9clair\u00e9es du march\u00e9 de No\u00ebl, on avait la sensation d\u2019\u00eatre au bout du monde!<\/p>\n<p>L\u2019acoustique merveilleuse de l\u2019\u00e9glise, l\u2019enthousiasme du public et la chaleur de l\u2019accueil apr\u00e8s le concert ont fait de cette escapade un moment inoubliable qui donne tout son sens \u00e0 notre activit\u00e9 de musiciens.<\/p>\n<p>Dans l\u2019attente de vous retrouver je vous souhaite d\u2019excellentes f\u00eates de fin d\u2019ann\u00e9e.<\/p>\n<p>Bruno Crabb\u00e9<\/p>\n<p>&nbsp;<\/p>\n","protected":false},"excerpt":{"rendered":"<p>A l\u2019occasion du 3\u00e8me week-end de l\u2019Avent, Ka\u00efros a interpr\u00e9t\u00e9 pour la derni\u00e8re fois le programme \u00abPolyphonies d&rsquo;Europe centrale\u00bb. Le vendredi 15 d\u00e9cembre, l\u2019Acad\u00e9mie A. De Greef de Saint-Gilles nous invitait \u00e0 la Maison du Livre situ\u00e9e rue de Rome, dans un ancien magasin de textile r\u00e9am\u00e9nag\u00e9 en biblioth\u00e8que, pour f\u00eater l\u2019inauguration d\u2019un piano Gunther [&hellip;]<\/p>\n","protected":false},"author":7,"featured_media":0,"comment_status":"closed","ping_status":"closed","sticky":false,"template":"","format":"standard","meta":[],"categories":[1],"tags":[],"_links":{"self":[{"href":"https:\/\/jackmedia.be\/kairos\/index.php\/wp-json\/wp\/v2\/posts\/830"}],"collection":[{"href":"https:\/\/jackmedia.be\/kairos\/index.php\/wp-json\/wp\/v2\/posts"}],"about":[{"href":"https:\/\/jackmedia.be\/kairos\/index.php\/wp-json\/wp\/v2\/types\/post"}],"author":[{"embeddable":true,"href":"https:\/\/jackmedia.be\/kairos\/index.php\/wp-json\/wp\/v2\/users\/7"}],"replies":[{"embeddable":true,"href":"https:\/\/jackmedia.be\/kairos\/index.php\/wp-json\/wp\/v2\/comments?post=830"}],"version-history":[{"count":2,"href":"https:\/\/jackmedia.be\/kairos\/index.php\/wp-json\/wp\/v2\/posts\/830\/revisions"}],"predecessor-version":[{"id":1755,"href":"https:\/\/jackmedia.be\/kairos\/index.php\/wp-json\/wp\/v2\/posts\/830\/revisions\/1755"}],"wp:attachment":[{"href":"https:\/\/jackmedia.be\/kairos\/index.php\/wp-json\/wp\/v2\/media?parent=830"}],"wp:term":[{"taxonomy":"category","embeddable":true,"href":"https:\/\/jackmedia.be\/kairos\/index.php\/wp-json\/wp\/v2\/categories?post=830"},{"taxonomy":"post_tag","embeddable":true,"href":"https:\/\/jackmedia.be\/kairos\/index.php\/wp-json\/wp\/v2\/tags?post=830"}],"curies":[{"name":"wp","href":"https:\/\/api.w.org\/{rel}","templated":true}]}}