{"id":726,"date":"2017-11-15T15:43:13","date_gmt":"2017-11-15T14:43:13","guid":{"rendered":"https:\/\/ensemblecvocalkairos.wordpress.com\/?p=726"},"modified":"2022-05-05T16:16:01","modified_gmt":"2022-05-05T14:16:01","slug":"deux-concerts-en-decembre","status":"publish","type":"post","link":"https:\/\/jackmedia.be\/kairos\/index.php\/2017\/11\/15\/deux-concerts-en-decembre\/","title":{"rendered":"Deux concerts en d\u00e9cembre"},"content":{"rendered":"<h1>Maison du livre de Saint-Gilles<\/h1>\n<h1>Vendredi 15\u00a0d\u00e9cembre \u00e0 20h30<\/h1>\n<p>Ce concert est organis\u00e9 par\u00a0l&rsquo;acad\u00e9mie Arthur De Greef de Saint-Gilles et sera pr\u00e9c\u00e9d\u00e9 d&rsquo;une <strong>conf\u00e9rence de Jean-Marie Rens \u00e0 18H \u00e0 la Maison du livre<\/strong> sur le th\u00e8me des <strong>\u00ab\u00a0Rapports texte-musique du baroque \u00e0 nos jours\u00a0\u00bb <\/strong>en l&rsquo;honneur de Suzanne Petit, donatrice d&rsquo;un piano \u00e0 queue G\u00fcnther.<\/p>\n<p>&nbsp;<\/p>\n<p>Info: Maison du livre, 24 rue de Rome, 1060 Saint Gilles<a href=\"http:\/\/www.lamaisondulivre.be\">\u00a0<\/a><\/p>\n<p>R\u00e9servations: acadegreef@gmail.com ou 02 538 64 50 en pr\u00e9cisant vos coordonn\u00e9es, le nombre de personnes, et si vous r\u00e9servez pour la conf\u00e9rence et\/ou le concert<\/p>\n<p><a href=\"https:\/\/jackmedia.be\/kairos\/wp-content\/uploads\/2017\/11\/affi-maison-du-livre-st-gilles-001.jpg\"><img loading=\"lazy\" class=\"alignnone wp-image-672 size-full\" src=\"http:\/\/jackmedia.be\/kairos\/wp-content\/uploads\/2017\/10\/dscn5624-scaled.jpg\" alt=\"\" width=\"2560\" height=\"1920\" srcset=\"https:\/\/jackmedia.be\/kairos\/wp-content\/uploads\/2017\/10\/dscn5624-scaled.jpg 2560w, https:\/\/jackmedia.be\/kairos\/wp-content\/uploads\/2017\/10\/dscn5624-300x225.jpg 300w, https:\/\/jackmedia.be\/kairos\/wp-content\/uploads\/2017\/10\/dscn5624-1024x768.jpg 1024w, https:\/\/jackmedia.be\/kairos\/wp-content\/uploads\/2017\/10\/dscn5624-768x576.jpg 768w, https:\/\/jackmedia.be\/kairos\/wp-content\/uploads\/2017\/10\/dscn5624-1536x1152.jpg 1536w, https:\/\/jackmedia.be\/kairos\/wp-content\/uploads\/2017\/10\/dscn5624-2048x1536.jpg 2048w, https:\/\/jackmedia.be\/kairos\/wp-content\/uploads\/2017\/10\/dscn5624-1200x900.jpg 1200w, https:\/\/jackmedia.be\/kairos\/wp-content\/uploads\/2017\/10\/dscn5624-1980x1485.jpg 1980w\" sizes=\"(max-width: 2560px) 100vw, 2560px\" \/><\/a><\/p>\n<p>Pianiste: Marie-Pierre POCHET<\/p>\n<p>&nbsp;<\/p>\n<h1>Eglise de Lesterny\u00a0\u00a0 Nassogne<\/h1>\n<h1>Samedi 16 d\u00e9cembre \u00e0 18h<\/h1>\n<p>&nbsp;<\/p>\n<h1><\/h1>\n<h1><\/h1>\n","protected":false},"excerpt":{"rendered":"<p>Maison du livre de Saint-Gilles Vendredi 15\u00a0d\u00e9cembre \u00e0 20h30 Ce concert est organis\u00e9 par\u00a0l&rsquo;acad\u00e9mie Arthur De Greef de Saint-Gilles et sera pr\u00e9c\u00e9d\u00e9 d&rsquo;une conf\u00e9rence de Jean-Marie Rens \u00e0 18H \u00e0 la Maison du livre sur le th\u00e8me des \u00ab\u00a0Rapports texte-musique du baroque \u00e0 nos jours\u00a0\u00bb en l&rsquo;honneur de Suzanne Petit, donatrice d&rsquo;un piano \u00e0 queue [&hellip;]<\/p>\n","protected":false},"author":7,"featured_media":0,"comment_status":"closed","ping_status":"closed","sticky":false,"template":"","format":"standard","meta":[],"categories":[1],"tags":[],"_links":{"self":[{"href":"https:\/\/jackmedia.be\/kairos\/index.php\/wp-json\/wp\/v2\/posts\/726"}],"collection":[{"href":"https:\/\/jackmedia.be\/kairos\/index.php\/wp-json\/wp\/v2\/posts"}],"about":[{"href":"https:\/\/jackmedia.be\/kairos\/index.php\/wp-json\/wp\/v2\/types\/post"}],"author":[{"embeddable":true,"href":"https:\/\/jackmedia.be\/kairos\/index.php\/wp-json\/wp\/v2\/users\/7"}],"replies":[{"embeddable":true,"href":"https:\/\/jackmedia.be\/kairos\/index.php\/wp-json\/wp\/v2\/comments?post=726"}],"version-history":[{"count":2,"href":"https:\/\/jackmedia.be\/kairos\/index.php\/wp-json\/wp\/v2\/posts\/726\/revisions"}],"predecessor-version":[{"id":1742,"href":"https:\/\/jackmedia.be\/kairos\/index.php\/wp-json\/wp\/v2\/posts\/726\/revisions\/1742"}],"wp:attachment":[{"href":"https:\/\/jackmedia.be\/kairos\/index.php\/wp-json\/wp\/v2\/media?parent=726"}],"wp:term":[{"taxonomy":"category","embeddable":true,"href":"https:\/\/jackmedia.be\/kairos\/index.php\/wp-json\/wp\/v2\/categories?post=726"},{"taxonomy":"post_tag","embeddable":true,"href":"https:\/\/jackmedia.be\/kairos\/index.php\/wp-json\/wp\/v2\/tags?post=726"}],"curies":[{"name":"wp","href":"https:\/\/api.w.org\/{rel}","templated":true}]}}