{"id":253,"date":"2015-05-17T15:42:49","date_gmt":"2015-05-17T14:42:49","guid":{"rendered":"https:\/\/ensemblecvocalkairos.wordpress.com\/?p=253"},"modified":"2015-05-17T15:42:49","modified_gmt":"2015-05-17T14:42:49","slug":"post-1","status":"publish","type":"post","link":"https:\/\/jackmedia.be\/kairos\/index.php\/2015\/05\/17\/post-1\/","title":{"rendered":"Concours International Maasmechelen"},"content":{"rendered":"<p>L&rsquo;ensemble vocal Ka\u00efros est l&rsquo;un des douze ch\u0153urs s\u00e9lectionn\u00e9s pour participer au International Choir Contest de Maasmechelen qui se d\u00e9roulera du vendredi 2 au dimanche 4 octobre 2015. \u00c0 cette occasion, Ka\u00efros donnera un concert le samedi 3 octobre \u00e0 20h \u00e0 l&rsquo;\u00e9glise de Dorne, en compagnie des ch\u0153urs Giocoso et Pro Cantare.<\/p>\n<p>D&rsquo;ici-l\u00e0, c&rsquo;est travail et concentration !<\/p>\n<p><a href=\"http:\/\/2015en.ikv-maasmechelen.be\/\" target=\"_blank\" rel=\"noopener noreferrer\">http:\/\/2015en.ikv-maasmechelen.be\/<\/a><\/p>\n<p>&nbsp;<\/p>\n","protected":false},"excerpt":{"rendered":"<p>L&rsquo;ensemble vocal Ka\u00efros est l&rsquo;un des douze ch\u0153urs s\u00e9lectionn\u00e9s pour participer au International Choir Contest de Maasmechelen qui se d\u00e9roulera du vendredi 2 au dimanche 4 octobre 2015. \u00c0 cette occasion, Ka\u00efros donnera un concert le samedi 3 octobre \u00e0 20h \u00e0 l&rsquo;\u00e9glise de Dorne, en compagnie des ch\u0153urs Giocoso et Pro Cantare. D&rsquo;ici-l\u00e0, c&rsquo;est [&hellip;]<\/p>\n","protected":false},"author":1,"featured_media":0,"comment_status":"closed","ping_status":"closed","sticky":false,"template":"","format":"standard","meta":[],"categories":[1],"tags":[],"_links":{"self":[{"href":"https:\/\/jackmedia.be\/kairos\/index.php\/wp-json\/wp\/v2\/posts\/253"}],"collection":[{"href":"https:\/\/jackmedia.be\/kairos\/index.php\/wp-json\/wp\/v2\/posts"}],"about":[{"href":"https:\/\/jackmedia.be\/kairos\/index.php\/wp-json\/wp\/v2\/types\/post"}],"author":[{"embeddable":true,"href":"https:\/\/jackmedia.be\/kairos\/index.php\/wp-json\/wp\/v2\/users\/1"}],"replies":[{"embeddable":true,"href":"https:\/\/jackmedia.be\/kairos\/index.php\/wp-json\/wp\/v2\/comments?post=253"}],"version-history":[{"count":0,"href":"https:\/\/jackmedia.be\/kairos\/index.php\/wp-json\/wp\/v2\/posts\/253\/revisions"}],"wp:attachment":[{"href":"https:\/\/jackmedia.be\/kairos\/index.php\/wp-json\/wp\/v2\/media?parent=253"}],"wp:term":[{"taxonomy":"category","embeddable":true,"href":"https:\/\/jackmedia.be\/kairos\/index.php\/wp-json\/wp\/v2\/categories?post=253"},{"taxonomy":"post_tag","embeddable":true,"href":"https:\/\/jackmedia.be\/kairos\/index.php\/wp-json\/wp\/v2\/tags?post=253"}],"curies":[{"name":"wp","href":"https:\/\/api.w.org\/{rel}","templated":true}]}}