{"id":2440,"date":"2025-12-14T10:28:48","date_gmt":"2025-12-14T09:28:48","guid":{"rendered":"https:\/\/jackmedia.be\/kairos\/?p=2440"},"modified":"2025-12-14T10:33:20","modified_gmt":"2025-12-14T09:33:20","slug":"mercredi-16-decembre-a-20h-audition-de-lacademie-arthur-de-greef","status":"publish","type":"post","link":"https:\/\/jackmedia.be\/kairos\/index.php\/2025\/12\/14\/mercredi-16-decembre-a-20h-audition-de-lacademie-arthur-de-greef\/","title":{"rendered":"Mercredi 17 d\u00e9cembre \u00e0 20H, Les festives de l&rsquo;Acad\u00e9mie Arthur de Greef"},"content":{"rendered":"<p>Au Lirl, 126 rue de la Victoire \u00e0 Saint-Gilles<\/p>\n<p>A partir de 20H, Kairos pr\u00e9sentera 5 pi\u00e8ces de son r\u00e9pertoire<\/p>\n<p>dans le cadre des auditions de l&rsquo;Acad\u00e9mie Arthur de Greef de Saint Gilles<\/p>\n<p><strong><em>O Oriens<\/em> <\/strong>de Melissa Dunphy (1980-)<\/p>\n<p>La compositrice australo-am\u00e9ricaine harmonise une antienne pour l\u2019Avent datant du Moyen-\u00c2ge\u00a0: <em>Etoile du matin, viens et illumine ceux qui sont dans les t\u00e9n\u00e8bres<\/em><\/p>\n<p><strong><em>Lully, Lulla, Thou Little Tiny Child <\/em><\/strong>Trad., arr. Kenneth Leighton (1929-1988)<\/p>\n<p>Douceur et horreur se m\u00ealent dans cette harmonisation contemporaine d\u2019une berceuse m\u00e9di\u00e9vale anglaise racontant le massacre des innocents commandit\u00e9 par H\u00e9rode.<\/p>\n<p><strong><em>Quelle est cette odeur agr\u00e9able? <\/em><\/strong>Trad., arr. David Willcocks (1919-2015)<\/p>\n<p>Le compositeur britannique harmonise un No\u00ebl traditionnel fran\u00e7ais peu connu, datant du 17<sup>e<\/sup> si\u00e8cle.<\/p>\n<p><strong><em>The Huron Carol <\/em><\/strong>Trad., arr. Eleanor Daley (1955-)<\/p>\n<p>Harmonis\u00e9 par une compositrice d\u2019aujourd\u2019hui, ce No\u00ebl canadien a \u00e9t\u00e9 \u00e9crit par un J\u00e9suite pour le peuple autochtone des Hurons vers 1642\u00a0: Dieu se nomme Gitchi Manitou, J\u00e9sus est emmaillot\u00e9 dans des peaux de lapin, et de grands chefs viennent de loin lui offrir des fourrures.<\/p>\n<p><strong><em>Indodana <\/em><\/strong>Trad. IsiXhosa,<\/p>\n<p>Dieu a rappel\u00e9 son fils qui a \u00e9t\u00e9 crucifi\u00e9. G\u00e9hova notre p\u00e8re!<\/p>\n<p>&nbsp;<\/p>\n<p>&nbsp;<\/p>\n<p>&nbsp;<\/p>\n<p>&nbsp;<\/p>\n<div id=\"ConnectiveDocSignExtentionInstalled\" data-extension-version=\"1.0.4\"><\/div>\n","protected":false},"excerpt":{"rendered":"<p>Au Lirl, 126 rue de la Victoire \u00e0 Saint-Gilles A partir de 20H, Kairos pr\u00e9sentera 5 pi\u00e8ces de son r\u00e9pertoire dans le cadre des auditions de l&rsquo;Acad\u00e9mie Arthur de Greef de Saint Gilles O Oriens de Melissa Dunphy (1980-) La compositrice australo-am\u00e9ricaine harmonise une antienne pour l\u2019Avent datant du Moyen-\u00c2ge\u00a0: Etoile du matin, viens et [&hellip;]<\/p>\n","protected":false},"author":7,"featured_media":0,"comment_status":"closed","ping_status":"open","sticky":false,"template":"","format":"standard","meta":[],"categories":[1],"tags":[],"_links":{"self":[{"href":"https:\/\/jackmedia.be\/kairos\/index.php\/wp-json\/wp\/v2\/posts\/2440"}],"collection":[{"href":"https:\/\/jackmedia.be\/kairos\/index.php\/wp-json\/wp\/v2\/posts"}],"about":[{"href":"https:\/\/jackmedia.be\/kairos\/index.php\/wp-json\/wp\/v2\/types\/post"}],"author":[{"embeddable":true,"href":"https:\/\/jackmedia.be\/kairos\/index.php\/wp-json\/wp\/v2\/users\/7"}],"replies":[{"embeddable":true,"href":"https:\/\/jackmedia.be\/kairos\/index.php\/wp-json\/wp\/v2\/comments?post=2440"}],"version-history":[{"count":3,"href":"https:\/\/jackmedia.be\/kairos\/index.php\/wp-json\/wp\/v2\/posts\/2440\/revisions"}],"predecessor-version":[{"id":2443,"href":"https:\/\/jackmedia.be\/kairos\/index.php\/wp-json\/wp\/v2\/posts\/2440\/revisions\/2443"}],"wp:attachment":[{"href":"https:\/\/jackmedia.be\/kairos\/index.php\/wp-json\/wp\/v2\/media?parent=2440"}],"wp:term":[{"taxonomy":"category","embeddable":true,"href":"https:\/\/jackmedia.be\/kairos\/index.php\/wp-json\/wp\/v2\/categories?post=2440"},{"taxonomy":"post_tag","embeddable":true,"href":"https:\/\/jackmedia.be\/kairos\/index.php\/wp-json\/wp\/v2\/tags?post=2440"}],"curies":[{"name":"wp","href":"https:\/\/api.w.org\/{rel}","templated":true}]}}