{"id":2412,"date":"2025-11-17T17:37:20","date_gmt":"2025-11-17T16:37:20","guid":{"rendered":"https:\/\/jackmedia.be\/kairos\/?p=2412"},"modified":"2025-12-07T12:08:24","modified_gmt":"2025-12-07T11:08:24","slug":"follow-that-star-concert-de-noel-le-samedi-13-decembre-a-20h-salle-des-mariages-de-la-maison-communale-de-saint-gilles","status":"publish","type":"post","link":"https:\/\/jackmedia.be\/kairos\/index.php\/2025\/11\/17\/follow-that-star-concert-de-noel-le-samedi-13-decembre-a-20h-salle-des-mariages-de-la-maison-communale-de-saint-gilles\/","title":{"rendered":"Concert de No\u00ebl Samedi 13 d\u00e9cembre \u00e0 20H  \u00e0 l&rsquo;\u00e9glise La Viale Europe \u00e0 Ixelles"},"content":{"rendered":"<p><img loading=\"lazy\" class=\"alignnone wp-image-2424\" src=\"http:\/\/jackmedia.be\/kairos\/wp-content\/uploads\/2025\/11\/follow-that-star-v3-213x300.png\" alt=\"\" width=\"540\" height=\"760\" srcset=\"https:\/\/jackmedia.be\/kairos\/wp-content\/uploads\/2025\/11\/follow-that-star-v3-213x300.png 213w, https:\/\/jackmedia.be\/kairos\/wp-content\/uploads\/2025\/11\/follow-that-star-v3-727x1024.png 727w, https:\/\/jackmedia.be\/kairos\/wp-content\/uploads\/2025\/11\/follow-that-star-v3-768x1082.png 768w, https:\/\/jackmedia.be\/kairos\/wp-content\/uploads\/2025\/11\/follow-that-star-v3-1090x1536.png 1090w, https:\/\/jackmedia.be\/kairos\/wp-content\/uploads\/2025\/11\/follow-that-star-v3-1454x2048.png 1454w, https:\/\/jackmedia.be\/kairos\/wp-content\/uploads\/2025\/11\/follow-that-star-v3-618x871.png 618w, https:\/\/jackmedia.be\/kairos\/wp-content\/uploads\/2025\/11\/follow-that-star-v3-315x444.png 315w\" sizes=\"(max-width: 540px) 100vw, 540px\" \/><\/p>\n<p><i>Follow that star.<\/i>.. Et si, au-del\u00e0 du brouillard des guerres, nous apprenions \u00e0 discerner les \u00e9toiles qui tracent des chemins vers un monde plus juste? Pour son concert de No\u00ebl 2025, l&rsquo;ensemble vocal Ka\u00efros dirig\u00e9 par Laurence Renson vous propose des chants porteurs d\u2019espoir, puis\u00e9s tant dans le r\u00e9pertoire traditionnel chr\u00e9tien que dans l\u2019univers jazzy du XXe si\u00e8cle, ou encore parmi les cr\u00e9ations contemporaines qui font vibrer les lumi\u00e8res de No\u00ebl aujourd\u2019hui.<\/p>\n<p>Prix libre 10\u20ac (petit prix)- 15\u20ac (prix sugg\u00e9r\u00e9) &#8211; 20\u20ac (prix de soutien)<\/p>\n<p>Pas de r\u00e9servations<\/p>\n<div id=\"ConnectiveDocSignExtentionInstalled\" data-extension-version=\"1.0.4\"><\/div>\n","protected":false},"excerpt":{"rendered":"<p>Follow that star&#8230; Et si, au-del\u00e0 du brouillard des guerres, nous apprenions \u00e0 discerner les \u00e9toiles qui tracent des chemins vers un monde plus juste? Pour son concert de No\u00ebl 2025, l&rsquo;ensemble vocal Ka\u00efros dirig\u00e9 par Laurence Renson vous propose des chants porteurs d\u2019espoir, puis\u00e9s tant dans le r\u00e9pertoire traditionnel chr\u00e9tien que dans l\u2019univers jazzy [&hellip;]<\/p>\n","protected":false},"author":7,"featured_media":0,"comment_status":"closed","ping_status":"open","sticky":false,"template":"","format":"standard","meta":[],"categories":[1],"tags":[],"_links":{"self":[{"href":"https:\/\/jackmedia.be\/kairos\/index.php\/wp-json\/wp\/v2\/posts\/2412"}],"collection":[{"href":"https:\/\/jackmedia.be\/kairos\/index.php\/wp-json\/wp\/v2\/posts"}],"about":[{"href":"https:\/\/jackmedia.be\/kairos\/index.php\/wp-json\/wp\/v2\/types\/post"}],"author":[{"embeddable":true,"href":"https:\/\/jackmedia.be\/kairos\/index.php\/wp-json\/wp\/v2\/users\/7"}],"replies":[{"embeddable":true,"href":"https:\/\/jackmedia.be\/kairos\/index.php\/wp-json\/wp\/v2\/comments?post=2412"}],"version-history":[{"count":11,"href":"https:\/\/jackmedia.be\/kairos\/index.php\/wp-json\/wp\/v2\/posts\/2412\/revisions"}],"predecessor-version":[{"id":2439,"href":"https:\/\/jackmedia.be\/kairos\/index.php\/wp-json\/wp\/v2\/posts\/2412\/revisions\/2439"}],"wp:attachment":[{"href":"https:\/\/jackmedia.be\/kairos\/index.php\/wp-json\/wp\/v2\/media?parent=2412"}],"wp:term":[{"taxonomy":"category","embeddable":true,"href":"https:\/\/jackmedia.be\/kairos\/index.php\/wp-json\/wp\/v2\/categories?post=2412"},{"taxonomy":"post_tag","embeddable":true,"href":"https:\/\/jackmedia.be\/kairos\/index.php\/wp-json\/wp\/v2\/tags?post=2412"}],"curies":[{"name":"wp","href":"https:\/\/api.w.org\/{rel}","templated":true}]}}