{"id":2375,"date":"2025-10-12T16:02:58","date_gmt":"2025-10-12T14:02:58","guid":{"rendered":"https:\/\/jackmedia.be\/kairos\/?p=2375"},"modified":"2025-10-12T16:08:54","modified_gmt":"2025-10-12T14:08:54","slug":"lux-jubilans-a-wierde-dimanche-16-novembre-a-16h","status":"publish","type":"post","link":"https:\/\/jackmedia.be\/kairos\/index.php\/2025\/10\/12\/lux-jubilans-a-wierde-dimanche-16-novembre-a-16h\/","title":{"rendered":"Lux Jubilans \u00e0 Wierde dimanche 16 novembre \u00e0 16H"},"content":{"rendered":"<h2><i>Polyphonies sacr\u00e9es a cappella \u00e0 travers les si\u00e8cles (von Bingen, Llibre Vermell de Montserrat, Purcell, Poulenc, Whitacre, Daley\u2026)<\/i><\/h2>\n<p><img loading=\"lazy\" class=\"alignnone wp-image-2376\" src=\"http:\/\/jackmedia.be\/kairos\/wp-content\/uploads\/2025\/10\/lux-jubilans-wierde-v3-212x300.png\" alt=\"\" width=\"564\" height=\"798\" srcset=\"https:\/\/jackmedia.be\/kairos\/wp-content\/uploads\/2025\/10\/lux-jubilans-wierde-v3-212x300.png 212w, https:\/\/jackmedia.be\/kairos\/wp-content\/uploads\/2025\/10\/lux-jubilans-wierde-v3-724x1024.png 724w, https:\/\/jackmedia.be\/kairos\/wp-content\/uploads\/2025\/10\/lux-jubilans-wierde-v3-768x1086.png 768w, https:\/\/jackmedia.be\/kairos\/wp-content\/uploads\/2025\/10\/lux-jubilans-wierde-v3-1086x1536.png 1086w, https:\/\/jackmedia.be\/kairos\/wp-content\/uploads\/2025\/10\/lux-jubilans-wierde-v3-1448x2048.png 1448w, https:\/\/jackmedia.be\/kairos\/wp-content\/uploads\/2025\/10\/lux-jubilans-wierde-v3-618x874.png 618w, https:\/\/jackmedia.be\/kairos\/wp-content\/uploads\/2025\/10\/lux-jubilans-wierde-v3-314x444.png 314w\" sizes=\"(max-width: 564px) 100vw, 564px\" \/><\/p>\n<table role=\"presentation\" border=\"0\" width=\"100%\" cellspacing=\"0\" cellpadding=\"0\">\n<tbody>\n<tr>\n<td align=\"left\">\n<div>\n<p>Les murmures, les incantations, les cris, les chants accompagnent depuis la nuit des temps l\u2019exp\u00e9rience humaine du lien avec le sacr\u00e9. L\u2019Europe chr\u00e9tienne du Moyen-\u00c2ge puis de la Renaissance a vu se d\u00e9velopper la polyphonie, renfor\u00e7ant \u00e9motion, sentiment de beaut\u00e9 et de transcendance. Nous vous proposerons un floril\u00e8ge de polyphonies sacr\u00e9es a cappella, depuis le Moyen-\u00c2ge jusqu\u2019\u00e0 l\u2019\u00e9poque contemporaine, inspir\u00e9es du christianisme mais aussi d\u2019autres formes de spiritualit\u00e9s.<\/p>\n<table role=\"presentation\" border=\"0\" width=\"100%\" cellspacing=\"0\" cellpadding=\"0\">\n<tbody>\n<tr>\n<td align=\"left\">\n<div>\n<p><strong>Dim. 16 nov. \u00e0 16h<\/strong><br \/>\n\u00c9glise Notre-Dame-du-Rosaire de Wierde, <a href=\"https:\/\/www.google.com\/maps\/search\/Rue+de+Jausse+176%2F180,+5100+Namur?entry=gmail&amp;source=g\" target=\"_blank\" rel=\"noopener\">Rue de Jausse 176\/180, 5100 Namur<\/a><\/p>\n<p><strong>Entr\u00e9e : <\/strong>10 \u20ac (petit prix) &#8211; 15 \u20ac (prix sugg\u00e9r\u00e9) &#8211; 20 \u20ac (prix de soutien)<br \/>\n<strong>R\u00e9servations : <\/strong>uniquement au 0472759736<\/p>\n<\/div>\n<\/td>\n<\/tr>\n<\/tbody>\n<\/table>\n<\/div>\n<\/td>\n<\/tr>\n<\/tbody>\n<\/table>\n<div id=\"ConnectiveDocSignExtentionInstalled\" data-extension-version=\"1.0.4\"><\/div>\n","protected":false},"excerpt":{"rendered":"<p>Polyphonies sacr\u00e9es a cappella \u00e0 travers les si\u00e8cles (von Bingen, Llibre Vermell de Montserrat, Purcell, Poulenc, Whitacre, Daley\u2026) Les murmures, les incantations, les cris, les chants accompagnent depuis la nuit des temps l\u2019exp\u00e9rience humaine du lien avec le sacr\u00e9. L\u2019Europe chr\u00e9tienne du Moyen-\u00c2ge puis de la Renaissance a vu se d\u00e9velopper la polyphonie, renfor\u00e7ant \u00e9motion, [&hellip;]<\/p>\n","protected":false},"author":7,"featured_media":0,"comment_status":"closed","ping_status":"open","sticky":false,"template":"","format":"standard","meta":[],"categories":[1],"tags":[],"_links":{"self":[{"href":"https:\/\/jackmedia.be\/kairos\/index.php\/wp-json\/wp\/v2\/posts\/2375"}],"collection":[{"href":"https:\/\/jackmedia.be\/kairos\/index.php\/wp-json\/wp\/v2\/posts"}],"about":[{"href":"https:\/\/jackmedia.be\/kairos\/index.php\/wp-json\/wp\/v2\/types\/post"}],"author":[{"embeddable":true,"href":"https:\/\/jackmedia.be\/kairos\/index.php\/wp-json\/wp\/v2\/users\/7"}],"replies":[{"embeddable":true,"href":"https:\/\/jackmedia.be\/kairos\/index.php\/wp-json\/wp\/v2\/comments?post=2375"}],"version-history":[{"count":5,"href":"https:\/\/jackmedia.be\/kairos\/index.php\/wp-json\/wp\/v2\/posts\/2375\/revisions"}],"predecessor-version":[{"id":2381,"href":"https:\/\/jackmedia.be\/kairos\/index.php\/wp-json\/wp\/v2\/posts\/2375\/revisions\/2381"}],"wp:attachment":[{"href":"https:\/\/jackmedia.be\/kairos\/index.php\/wp-json\/wp\/v2\/media?parent=2375"}],"wp:term":[{"taxonomy":"category","embeddable":true,"href":"https:\/\/jackmedia.be\/kairos\/index.php\/wp-json\/wp\/v2\/categories?post=2375"},{"taxonomy":"post_tag","embeddable":true,"href":"https:\/\/jackmedia.be\/kairos\/index.php\/wp-json\/wp\/v2\/tags?post=2375"}],"curies":[{"name":"wp","href":"https:\/\/api.w.org\/{rel}","templated":true}]}}