{"id":2365,"date":"2025-07-07T09:54:22","date_gmt":"2025-07-07T07:54:22","guid":{"rendered":"https:\/\/jackmedia.be\/kairos\/?p=2365"},"modified":"2025-07-11T08:29:04","modified_gmt":"2025-07-11T06:29:04","slug":"messe-a-la-cathedrale-saint-michel-et-gudule-ce-dimanche-6-juillet","status":"publish","type":"post","link":"https:\/\/jackmedia.be\/kairos\/index.php\/2025\/07\/07\/messe-a-la-cathedrale-saint-michel-et-gudule-ce-dimanche-6-juillet\/","title":{"rendered":"Messe \u00e0 la Cath\u00e9drale Saint Michel et Gudule ce dimanche 6 juillet"},"content":{"rendered":"<p><img loading=\"lazy\" class=\"alignnone wp-image-2368\" src=\"http:\/\/jackmedia.be\/kairos\/wp-content\/uploads\/2025\/07\/IMG-20250706-WA0001-300x225.jpg\" alt=\"\" width=\"562\" height=\"422\" srcset=\"https:\/\/jackmedia.be\/kairos\/wp-content\/uploads\/2025\/07\/IMG-20250706-WA0001-300x225.jpg 300w, https:\/\/jackmedia.be\/kairos\/wp-content\/uploads\/2025\/07\/IMG-20250706-WA0001-1024x768.jpg 1024w, https:\/\/jackmedia.be\/kairos\/wp-content\/uploads\/2025\/07\/IMG-20250706-WA0001-768x576.jpg 768w, https:\/\/jackmedia.be\/kairos\/wp-content\/uploads\/2025\/07\/IMG-20250706-WA0001-1536x1152.jpg 1536w, https:\/\/jackmedia.be\/kairos\/wp-content\/uploads\/2025\/07\/IMG-20250706-WA0001-1365x1024.jpg 1365w, https:\/\/jackmedia.be\/kairos\/wp-content\/uploads\/2025\/07\/IMG-20250706-WA0001-618x464.jpg 618w, https:\/\/jackmedia.be\/kairos\/wp-content\/uploads\/2025\/07\/IMG-20250706-WA0001-138x104.jpg 138w, https:\/\/jackmedia.be\/kairos\/wp-content\/uploads\/2025\/07\/IMG-20250706-WA0001-444x333.jpg 444w, https:\/\/jackmedia.be\/kairos\/wp-content\/uploads\/2025\/07\/IMG-20250706-WA0001.jpg 1600w\" sizes=\"(max-width: 562px) 100vw, 562px\" \/><\/p>\n<p>Notre derni\u00e8re prestation de l&rsquo;ann\u00e9e nous a permis de pr\u00e9senter \u00e0 nouveau la messe de Hassler (Le Kyrie, Le Sanctus et l&rsquo;Agnus Dei) en alternance avec la messe des Anges en gr\u00e9gorien (Le Gloria et le Credo) bien connue du public de la Cath\u00e9drale.<\/p>\n<div id=\"ConnectiveDocSignExtentionInstalled\" data-extension-version=\"1.0.4\"><\/div>\n","protected":false},"excerpt":{"rendered":"<p>Notre derni\u00e8re prestation de l&rsquo;ann\u00e9e nous a permis de pr\u00e9senter \u00e0 nouveau la messe de Hassler (Le Kyrie, Le Sanctus et l&rsquo;Agnus Dei) en alternance avec la messe des Anges en gr\u00e9gorien (Le Gloria et le Credo) bien connue du public de la Cath\u00e9drale.<\/p>\n","protected":false},"author":7,"featured_media":0,"comment_status":"closed","ping_status":"open","sticky":false,"template":"","format":"standard","meta":[],"categories":[1],"tags":[],"_links":{"self":[{"href":"https:\/\/jackmedia.be\/kairos\/index.php\/wp-json\/wp\/v2\/posts\/2365"}],"collection":[{"href":"https:\/\/jackmedia.be\/kairos\/index.php\/wp-json\/wp\/v2\/posts"}],"about":[{"href":"https:\/\/jackmedia.be\/kairos\/index.php\/wp-json\/wp\/v2\/types\/post"}],"author":[{"embeddable":true,"href":"https:\/\/jackmedia.be\/kairos\/index.php\/wp-json\/wp\/v2\/users\/7"}],"replies":[{"embeddable":true,"href":"https:\/\/jackmedia.be\/kairos\/index.php\/wp-json\/wp\/v2\/comments?post=2365"}],"version-history":[{"count":5,"href":"https:\/\/jackmedia.be\/kairos\/index.php\/wp-json\/wp\/v2\/posts\/2365\/revisions"}],"predecessor-version":[{"id":2371,"href":"https:\/\/jackmedia.be\/kairos\/index.php\/wp-json\/wp\/v2\/posts\/2365\/revisions\/2371"}],"wp:attachment":[{"href":"https:\/\/jackmedia.be\/kairos\/index.php\/wp-json\/wp\/v2\/media?parent=2365"}],"wp:term":[{"taxonomy":"category","embeddable":true,"href":"https:\/\/jackmedia.be\/kairos\/index.php\/wp-json\/wp\/v2\/categories?post=2365"},{"taxonomy":"post_tag","embeddable":true,"href":"https:\/\/jackmedia.be\/kairos\/index.php\/wp-json\/wp\/v2\/tags?post=2365"}],"curies":[{"name":"wp","href":"https:\/\/api.w.org\/{rel}","templated":true}]}}