{"id":2303,"date":"2025-04-01T20:17:50","date_gmt":"2025-04-01T18:17:50","guid":{"rendered":"https:\/\/jackmedia.be\/kairos\/?p=2303"},"modified":"2025-04-03T18:43:15","modified_gmt":"2025-04-03T16:43:15","slug":"eglise-la-viale-europe-concert-samedi-26-avril-20h","status":"publish","type":"post","link":"https:\/\/jackmedia.be\/kairos\/index.php\/2025\/04\/01\/eglise-la-viale-europe-concert-samedi-26-avril-20h\/","title":{"rendered":"Eglise la Viale Europe concert samedi 26 avril 20H"},"content":{"rendered":"<p><strong>Dans le cadre d\u2019un \u00e9change entre <\/strong><strong>l\u2019Ensemble vocal Ka\u00efros (direction Laurence Renson) <\/strong><strong>et l\u2019Ensemble berlinois Fugatonale (direction Franziska G\u00fcnther),<br \/>\n<\/strong><strong>nous avons le plaisir de vous inviter \u00e0 un concert commun de polyphonies sacr\u00e9es, pr\u00e9c\u00e9d\u00e9 d\u2019une conf\u00e9rence concertante :\u00a0 deux \u00e9v\u00e8nements li\u00e9s mais distincts.<\/strong><\/p>\n<p><img loading=\"lazy\" class=\"alignnone wp-image-2304\" src=\"http:\/\/jackmedia.be\/kairos\/wp-content\/uploads\/2025\/04\/cry-out-and-shout-Viale-v3-212x300.png\" alt=\"\" width=\"631\" height=\"893\" srcset=\"https:\/\/jackmedia.be\/kairos\/wp-content\/uploads\/2025\/04\/cry-out-and-shout-Viale-v3-212x300.png 212w, https:\/\/jackmedia.be\/kairos\/wp-content\/uploads\/2025\/04\/cry-out-and-shout-Viale-v3-724x1024.png 724w, https:\/\/jackmedia.be\/kairos\/wp-content\/uploads\/2025\/04\/cry-out-and-shout-Viale-v3-768x1086.png 768w, https:\/\/jackmedia.be\/kairos\/wp-content\/uploads\/2025\/04\/cry-out-and-shout-Viale-v3-1086x1536.png 1086w, https:\/\/jackmedia.be\/kairos\/wp-content\/uploads\/2025\/04\/cry-out-and-shout-Viale-v3-1448x2048.png 1448w, https:\/\/jackmedia.be\/kairos\/wp-content\/uploads\/2025\/04\/cry-out-and-shout-Viale-v3-618x874.png 618w, https:\/\/jackmedia.be\/kairos\/wp-content\/uploads\/2025\/04\/cry-out-and-shout-Viale-v3-314x444.png 314w\" sizes=\"(max-width: 631px) 100vw, 631px\" \/><\/p>\n<p><strong>Nos deux ch\u0153urs vous invitent \u00e0 un concert de polyphonies sacr\u00e9es a cappella \u00e0 travers les si\u00e8cles. Au programme des motets de compositeurs anciens et contemporains (Sch\u00fctz, Gesualdo, Purcell, Scarlatti, Poulenc, Nystedt, Gjeilo, McDowell, Miskinis, Distler\u2026) articul\u00e9s autour de la Missa Octo Vocum de Hans Leo Hassler.<\/strong><\/p>\n<h1><strong>Vendredi 25 avril 20h <\/strong><\/h1>\n<p><strong>Conf\u00e9rence concertante <\/strong><strong>: <em>Voyage \u00e0 travers les polyphonies anciennes.<\/em> Organis\u00e9e par l&rsquo;acad\u00e9mie <\/strong><strong>de Musique Arthur De Greef.<\/strong><\/p>\n<p><strong>Salle des Mariages de l\u2019H\u00f4tel de Ville de Saint Gilles\u2013 Place Van Meenen, 1060. Entr\u00e9e libre sur r\u00e9servation<\/strong><\/p>\n<p><img loading=\"lazy\" class=\"alignnone wp-image-2306\" src=\"http:\/\/jackmedia.be\/kairos\/wp-content\/uploads\/2025\/04\/confe\u0301rence-image-originale-300x200.jpg\" alt=\"\" width=\"632\" height=\"421\" srcset=\"https:\/\/jackmedia.be\/kairos\/wp-content\/uploads\/2025\/04\/confe\u0301rence-image-originale-300x200.jpg 300w, https:\/\/jackmedia.be\/kairos\/wp-content\/uploads\/2025\/04\/confe\u0301rence-image-originale-1024x682.jpg 1024w, https:\/\/jackmedia.be\/kairos\/wp-content\/uploads\/2025\/04\/confe\u0301rence-image-originale-768x512.jpg 768w, https:\/\/jackmedia.be\/kairos\/wp-content\/uploads\/2025\/04\/confe\u0301rence-image-originale-618x412.jpg 618w, https:\/\/jackmedia.be\/kairos\/wp-content\/uploads\/2025\/04\/confe\u0301rence-image-originale-444x296.jpg 444w, https:\/\/jackmedia.be\/kairos\/wp-content\/uploads\/2025\/04\/confe\u0301rence-image-originale.jpg 1280w\" sizes=\"(max-width: 632px) 100vw, 632px\" \/><\/p>\n<p><strong>Charles Henry Boland, musicologue et conf\u00e9rencier, nous expliquera comment les \u00e9changes culturels des 16<sup>e<\/sup>-17<sup>e<\/sup> si\u00e8cles ont boulevers\u00e9 la polyphonie de la Renaissance, l\u2019Italie en devenant progressivement le nouveau centre de rayonnement. Nos deux ch\u0153urs mettront ses propos en musique avec quelques pi\u00e8ces de notre r\u00e9pertoire de musiques anciennes (Hassler, Sch\u00fctz, Gesualdo, Purcell) dont il nous livrera des cl\u00e9s d\u2019\u00e9coute.<\/strong><\/p>\n<p><strong> <a href=\"https:\/\/www.acadegreef.be\/2025\/03\/28\/evolution-de-la-polyphonie-ancienne-a-travers-les-echanges-culturels-entre-compositeurs-europeens\/\">Ici<\/a>, le lien pour plus d&rsquo;info<\/strong><\/p>\n<p><a href=\"https:\/\/www.billetweb.fr\/volutions-de-la-polyphonie-ancienne-a-travers-les-echanges-culturels-entre-compositeurs-europeens\">Ici<\/a>, <strong>le lien pour r\u00e9server<\/strong><\/p>\n<div id=\"ConnectiveDocSignExtentionInstalled\" data-extension-version=\"1.0.4\"><\/div>\n","protected":false},"excerpt":{"rendered":"<p>Dans le cadre d\u2019un \u00e9change entre l\u2019Ensemble vocal Ka\u00efros (direction Laurence Renson) et l\u2019Ensemble berlinois Fugatonale (direction Franziska G\u00fcnther), nous avons le plaisir de vous inviter \u00e0 un concert commun de polyphonies sacr\u00e9es, pr\u00e9c\u00e9d\u00e9 d\u2019une conf\u00e9rence concertante :\u00a0 deux \u00e9v\u00e8nements li\u00e9s mais distincts. Nos deux ch\u0153urs vous invitent \u00e0 un concert de polyphonies sacr\u00e9es a [&hellip;]<\/p>\n","protected":false},"author":7,"featured_media":0,"comment_status":"closed","ping_status":"open","sticky":false,"template":"","format":"standard","meta":[],"categories":[1],"tags":[],"_links":{"self":[{"href":"https:\/\/jackmedia.be\/kairos\/index.php\/wp-json\/wp\/v2\/posts\/2303"}],"collection":[{"href":"https:\/\/jackmedia.be\/kairos\/index.php\/wp-json\/wp\/v2\/posts"}],"about":[{"href":"https:\/\/jackmedia.be\/kairos\/index.php\/wp-json\/wp\/v2\/types\/post"}],"author":[{"embeddable":true,"href":"https:\/\/jackmedia.be\/kairos\/index.php\/wp-json\/wp\/v2\/users\/7"}],"replies":[{"embeddable":true,"href":"https:\/\/jackmedia.be\/kairos\/index.php\/wp-json\/wp\/v2\/comments?post=2303"}],"version-history":[{"count":7,"href":"https:\/\/jackmedia.be\/kairos\/index.php\/wp-json\/wp\/v2\/posts\/2303\/revisions"}],"predecessor-version":[{"id":2314,"href":"https:\/\/jackmedia.be\/kairos\/index.php\/wp-json\/wp\/v2\/posts\/2303\/revisions\/2314"}],"wp:attachment":[{"href":"https:\/\/jackmedia.be\/kairos\/index.php\/wp-json\/wp\/v2\/media?parent=2303"}],"wp:term":[{"taxonomy":"category","embeddable":true,"href":"https:\/\/jackmedia.be\/kairos\/index.php\/wp-json\/wp\/v2\/categories?post=2303"},{"taxonomy":"post_tag","embeddable":true,"href":"https:\/\/jackmedia.be\/kairos\/index.php\/wp-json\/wp\/v2\/tags?post=2303"}],"curies":[{"name":"wp","href":"https:\/\/api.w.org\/{rel}","templated":true}]}}