{"id":2090,"date":"2024-06-03T17:47:18","date_gmt":"2024-06-03T15:47:18","guid":{"rendered":"http:\/\/jackmedia.be\/kairos\/?p=2090"},"modified":"2024-06-03T18:06:01","modified_gmt":"2024-06-03T16:06:01","slug":"mercredi-12-juin-20h-concert-a-la-salle-des-mariages-organise-par-lacademie-de-saint-gilles-arthur-de-greef","status":"publish","type":"post","link":"https:\/\/jackmedia.be\/kairos\/index.php\/2024\/06\/03\/mercredi-12-juin-20h-concert-a-la-salle-des-mariages-organise-par-lacademie-de-saint-gilles-arthur-de-greef\/","title":{"rendered":"Mercredi 12 juin 20H concert gratuit \u00e0 la salle des mariages  de Saint-Gilles"},"content":{"rendered":"<h3 style=\"text-align: center;\">Concert organis\u00e9 par l&rsquo;acad\u00e9mie Arthur de Greef de Saint-Gilles<\/h3>\n<p style=\"text-align: center;\"><span style=\"font-family: comic sans ms, sans-serif; font-size: xx-large;\">\u00a0L<\/span>&lsquo;Ensemble Vocal Ka\u00efros &#8211; dir\u00a0<span style=\"font-family: comic sans ms, sans-serif; font-size: xx-large;\">Laurence Renson<\/span><\/p>\n<p style=\"text-align: center;\">pr\u00e9sente<\/p>\n<h3 style=\"text-align: center;\"><span style=\"font-family: comic sans ms, sans-serif; font-size: xx-large;\">Fyer Fyer : Ancient and Modern Madrigals<\/span><\/h3>\n<div style=\"text-align: center;\"><span style=\"font-size: xx-large;\">Mercredi 12 juin 20h\u00a0<\/span><\/div>\n<div style=\"text-align: center;\"><span style=\"font-family: comic sans ms, sans-serif; font-size: large;\">\u00a0<\/span><\/div>\n<div style=\"text-align: center;\"><span style=\"font-family: comic sans ms, sans-serif; font-size: large;\">H\u00f4tel de Ville de Saint Gilles<\/span><\/div>\n<div style=\"text-align: center;\"><span style=\"font-family: comic sans ms, sans-serif; font-size: large;\">Place Maurice van Meenen &#8211; 1060<\/span><\/div>\n<div style=\"text-align: center;\"><span style=\"font-family: comic sans ms, sans-serif; font-size: large;\">Concert gratuit organis\u00e9 par l&rsquo;Acad\u00e9mie Arthur De Greef<\/span><\/div>\n<div style=\"text-align: center;\"><span style=\"font-size: large;\"><span style=\"font-family: comic sans ms, sans-serif;\">R\u00e9servations:\u00a0<\/span>\u00a0<a href=\"https:\/\/www.billetweb.fr\/fyer-fyer\" target=\"_blank\" rel=\"noopener\">https:\/\/www.billetweb.fr\/fyer-fyer<\/a><\/span><\/div>\n<p style=\"text-align: center;\"><img loading=\"lazy\" class=\" wp-image-2091 aligncenter\" src=\"http:\/\/jackmedia.be\/kairos\/wp-content\/uploads\/2024\/06\/image-212x300.png\" alt=\"\" width=\"331\" height=\"468\" srcset=\"https:\/\/jackmedia.be\/kairos\/wp-content\/uploads\/2024\/06\/image-212x300.png 212w, https:\/\/jackmedia.be\/kairos\/wp-content\/uploads\/2024\/06\/image-724x1024.png 724w, https:\/\/jackmedia.be\/kairos\/wp-content\/uploads\/2024\/06\/image-768x1086.png 768w, https:\/\/jackmedia.be\/kairos\/wp-content\/uploads\/2024\/06\/image-1086x1536.png 1086w, https:\/\/jackmedia.be\/kairos\/wp-content\/uploads\/2024\/06\/image-1448x2048.png 1448w, https:\/\/jackmedia.be\/kairos\/wp-content\/uploads\/2024\/06\/image-618x874.png 618w, https:\/\/jackmedia.be\/kairos\/wp-content\/uploads\/2024\/06\/image-314x444.png 314w, https:\/\/jackmedia.be\/kairos\/wp-content\/uploads\/2024\/06\/image.png 1684w\" sizes=\"(max-width: 331px) 100vw, 331px\" \/><\/p>\n<div id=\"sconnect-is-installed\" style=\"display: none;\">2.15.0.0<\/div>\n<div id=\"sconnect-is-installed\" style=\"display: none;\">2.15.0.0<\/div>\n<div id=\"sconnect-is-installed\" style=\"display: none;\">2.15.0.0<\/div>\n<div id=\"sconnect-is-installed\" style=\"display: none;\">2.15.0.0<\/div>\n<div id=\"sconnect-is-installed\" style=\"display: none;\">2.15.0.0<\/div>\n<div id=\"sconnect-is-installed\" style=\"display: none;\">2.15.0.0<\/div>\n<div id=\"ConnectiveDocSignExtentionInstalled\" data-extension-version=\"1.0.4\"><\/div>\n","protected":false},"excerpt":{"rendered":"<p>Concert organis\u00e9 par l&rsquo;acad\u00e9mie Arthur de Greef de Saint-Gilles \u00a0L&lsquo;Ensemble Vocal Ka\u00efros &#8211; dir\u00a0Laurence Renson pr\u00e9sente Fyer Fyer : Ancient and Modern Madrigals Mercredi 12 juin 20h\u00a0 \u00a0 H\u00f4tel de Ville de Saint Gilles Place Maurice van Meenen &#8211; 1060 Concert gratuit organis\u00e9 par l&rsquo;Acad\u00e9mie Arthur De Greef R\u00e9servations:\u00a0\u00a0https:\/\/www.billetweb.fr\/fyer-fyer 2.15.0.0 2.15.0.0 2.15.0.0 2.15.0.0 2.15.0.0 2.15.0.0<\/p>\n","protected":false},"author":7,"featured_media":0,"comment_status":"closed","ping_status":"open","sticky":false,"template":"","format":"standard","meta":[],"categories":[1],"tags":[],"_links":{"self":[{"href":"https:\/\/jackmedia.be\/kairos\/index.php\/wp-json\/wp\/v2\/posts\/2090"}],"collection":[{"href":"https:\/\/jackmedia.be\/kairos\/index.php\/wp-json\/wp\/v2\/posts"}],"about":[{"href":"https:\/\/jackmedia.be\/kairos\/index.php\/wp-json\/wp\/v2\/types\/post"}],"author":[{"embeddable":true,"href":"https:\/\/jackmedia.be\/kairos\/index.php\/wp-json\/wp\/v2\/users\/7"}],"replies":[{"embeddable":true,"href":"https:\/\/jackmedia.be\/kairos\/index.php\/wp-json\/wp\/v2\/comments?post=2090"}],"version-history":[{"count":7,"href":"https:\/\/jackmedia.be\/kairos\/index.php\/wp-json\/wp\/v2\/posts\/2090\/revisions"}],"predecessor-version":[{"id":2098,"href":"https:\/\/jackmedia.be\/kairos\/index.php\/wp-json\/wp\/v2\/posts\/2090\/revisions\/2098"}],"wp:attachment":[{"href":"https:\/\/jackmedia.be\/kairos\/index.php\/wp-json\/wp\/v2\/media?parent=2090"}],"wp:term":[{"taxonomy":"category","embeddable":true,"href":"https:\/\/jackmedia.be\/kairos\/index.php\/wp-json\/wp\/v2\/categories?post=2090"},{"taxonomy":"post_tag","embeddable":true,"href":"https:\/\/jackmedia.be\/kairos\/index.php\/wp-json\/wp\/v2\/tags?post=2090"}],"curies":[{"name":"wp","href":"https:\/\/api.w.org\/{rel}","templated":true}]}}