{"id":2019,"date":"2023-12-03T10:51:40","date_gmt":"2023-12-03T09:51:40","guid":{"rendered":"http:\/\/jackmedia.be\/kairos\/?p=2019"},"modified":"2023-12-06T15:06:17","modified_gmt":"2023-12-06T14:06:17","slug":"concerts-de-noel-les-9-et-15-decembre","status":"publish","type":"post","link":"https:\/\/jackmedia.be\/kairos\/index.php\/2023\/12\/03\/concerts-de-noel-les-9-et-15-decembre\/","title":{"rendered":"PACEM Concerts de No\u00ebl, 9 d\u00e9c \u00e0 17h30 et 20h, 15 d\u00e9c \u00e0 16h, 16 d\u00e9c \u00e0 16h30 et 18h00"},"content":{"rendered":"<p style=\"text-align: center;\"><strong>D\u00e9couvrez notre programme Pacem \u00e0 l&rsquo;occasion des f\u00eates<\/strong><\/p>\n<p style=\"text-align: center;\">En ces temps tourment\u00e9s, Kairos vous convie \u00e0 des concerts de No\u00ebl porteurs de messages de paix.<br \/>\nAu travers de pi\u00e8ces religieuses ou profanes, m\u00e9lancoliques ou confiantes,<br \/>\nle programme esquisse un chemin sem\u00e9 d\u2019espoir<br \/>\nmenant des t\u00e9n\u00e8bres \u00e0 la lumi\u00e8re, des massacres \u00e0 l\u2019entente entre les peuples,<br \/>\nvers un monde pacifi\u00e9 o\u00f9 No\u00ebl et ses chants traditionnels font briller les yeux de tous les enfants.<\/p>\n<p><img loading=\"lazy\" class=\"wp-image-2035 aligncenter\" src=\"http:\/\/jackmedia.be\/kairos\/wp-content\/uploads\/2023\/12\/Pacem-v4.png\" alt=\"\" width=\"442\" height=\"625\" srcset=\"https:\/\/jackmedia.be\/kairos\/wp-content\/uploads\/2023\/12\/Pacem-v4.png 1240w, https:\/\/jackmedia.be\/kairos\/wp-content\/uploads\/2023\/12\/Pacem-v4-212x300.png 212w, https:\/\/jackmedia.be\/kairos\/wp-content\/uploads\/2023\/12\/Pacem-v4-724x1024.png 724w, https:\/\/jackmedia.be\/kairos\/wp-content\/uploads\/2023\/12\/Pacem-v4-768x1086.png 768w, https:\/\/jackmedia.be\/kairos\/wp-content\/uploads\/2023\/12\/Pacem-v4-1086x1536.png 1086w, https:\/\/jackmedia.be\/kairos\/wp-content\/uploads\/2023\/12\/Pacem-v4-618x874.png 618w, https:\/\/jackmedia.be\/kairos\/wp-content\/uploads\/2023\/12\/Pacem-v4-314x444.png 314w\" sizes=\"(max-width: 442px) 100vw, 442px\" \/><\/p>\n<p style=\"text-align: center;\"><strong>Samedi 9 d\u00e9cembre \u00e0 17h30 &#8211;<\/strong> Plaisirs d&rsquo;Hiver<br \/>\nAnimation en ext\u00e9rieur. Tour Noire, Place Sainte Catherine, 1000 Bruxelles<\/p>\n<p style=\"text-align: center;\"><strong>Samedi 9 d\u00e9cembre \u00e0 20h<\/strong> &#8211; Maison des Cultures de Saint-Gilles<br \/>\nConcert organis\u00e9 par l&rsquo;Acad\u00e9mie de Musique Arthur De Greef.<br \/>\n120 rue de Belgrade, 1060 Bruxelles<\/p>\n<p style=\"text-align: center;\"><strong>Vendredi 15 d\u00e9cembre \u00e0 16h &#8211;<\/strong> Coll\u00e9giale Saint-Guidon<br \/>\nConcert organis\u00e9 par le service Affaires sociales de la commune d&rsquo;Anderlecht<br \/>\nR\u00e9servation obligatoire au 02 558 08 46 ou activin1070@anderlecht.brussels<br \/>\nColl\u00e9giale Saint-Guidon, Place de la Vaillance, 1070 Anderlecht<\/p>\n<p style=\"text-align: center;\"><strong>Samedi 16 d\u00e9cembre \u00e0 16h30 et \u00e0 18h &#8211;<\/strong> March\u00e9 de No\u00ebl d&rsquo;Anderlecht<br \/>\nAnimation en ext\u00e9rieur. Place de la Vaillance, 1070 Anderlecht<\/p>\n<p style=\"text-align: center;\"><strong>Entr\u00e9e libre \u00e0 tous les concerts<\/strong><\/p>\n<p>\u00a0\u00a0 \u00a0 \u00a0 \u00a0 \u00a0 \u00a0 \u00a0 \u00a0\u00a0 \u00a0 <img loading=\"lazy\" class=\"alignnone wp-image-2021\" src=\"http:\/\/jackmedia.be\/kairos\/wp-content\/uploads\/2023\/12\/image-1.png\" alt=\"\" width=\"154\" height=\"96\" \/> \u00a0 \u00a0\u00a0 \u00a0\u00a0 \u00a0 \u00a0 \u00a0 \u00a0 \u00a0 \u00a0 \u00a0 \u00a0\u00a0 <img loading=\"lazy\" class=\"alignnone wp-image-2022\" src=\"http:\/\/jackmedia.be\/kairos\/wp-content\/uploads\/2023\/12\/image-300x141.png\" alt=\"\" width=\"200\" height=\"94\" srcset=\"https:\/\/jackmedia.be\/kairos\/wp-content\/uploads\/2023\/12\/image-300x141.png 300w, https:\/\/jackmedia.be\/kairos\/wp-content\/uploads\/2023\/12\/image.png 414w\" sizes=\"(max-width: 200px) 100vw, 200px\" \/><\/p>\n","protected":false},"excerpt":{"rendered":"<p>D\u00e9couvrez notre programme Pacem \u00e0 l&rsquo;occasion des f\u00eates En ces temps tourment\u00e9s, Kairos vous convie \u00e0 des concerts de No\u00ebl porteurs de messages de paix. Au travers de pi\u00e8ces religieuses ou profanes, m\u00e9lancoliques ou confiantes, le programme esquisse un chemin sem\u00e9 d\u2019espoir menant des t\u00e9n\u00e8bres \u00e0 la lumi\u00e8re, des massacres \u00e0 l\u2019entente entre les peuples, [&hellip;]<\/p>\n","protected":false},"author":7,"featured_media":0,"comment_status":"closed","ping_status":"open","sticky":false,"template":"","format":"standard","meta":[],"categories":[1],"tags":[],"_links":{"self":[{"href":"https:\/\/jackmedia.be\/kairos\/index.php\/wp-json\/wp\/v2\/posts\/2019"}],"collection":[{"href":"https:\/\/jackmedia.be\/kairos\/index.php\/wp-json\/wp\/v2\/posts"}],"about":[{"href":"https:\/\/jackmedia.be\/kairos\/index.php\/wp-json\/wp\/v2\/types\/post"}],"author":[{"embeddable":true,"href":"https:\/\/jackmedia.be\/kairos\/index.php\/wp-json\/wp\/v2\/users\/7"}],"replies":[{"embeddable":true,"href":"https:\/\/jackmedia.be\/kairos\/index.php\/wp-json\/wp\/v2\/comments?post=2019"}],"version-history":[{"count":14,"href":"https:\/\/jackmedia.be\/kairos\/index.php\/wp-json\/wp\/v2\/posts\/2019\/revisions"}],"predecessor-version":[{"id":2039,"href":"https:\/\/jackmedia.be\/kairos\/index.php\/wp-json\/wp\/v2\/posts\/2019\/revisions\/2039"}],"wp:attachment":[{"href":"https:\/\/jackmedia.be\/kairos\/index.php\/wp-json\/wp\/v2\/media?parent=2019"}],"wp:term":[{"taxonomy":"category","embeddable":true,"href":"https:\/\/jackmedia.be\/kairos\/index.php\/wp-json\/wp\/v2\/categories?post=2019"},{"taxonomy":"post_tag","embeddable":true,"href":"https:\/\/jackmedia.be\/kairos\/index.php\/wp-json\/wp\/v2\/tags?post=2019"}],"curies":[{"name":"wp","href":"https:\/\/api.w.org\/{rel}","templated":true}]}}