{"id":1979,"date":"2023-07-03T14:19:00","date_gmt":"2023-07-03T12:19:00","guid":{"rendered":"https:\/\/jackmedia.be\/kairos\/?p=1979"},"modified":"2023-07-03T14:19:00","modified_gmt":"2023-07-03T12:19:00","slug":"trois-concerts-en-ardeche-le-25-26-et-27-juillet-2023","status":"publish","type":"post","link":"https:\/\/jackmedia.be\/kairos\/index.php\/2023\/07\/03\/trois-concerts-en-ardeche-le-25-26-et-27-juillet-2023\/","title":{"rendered":"Trois concerts en Ard\u00e8che le 25, 26 et 27 juillet 2023"},"content":{"rendered":"<p>Depuis 10 ans, presque chaque \u00e9t\u00e9, l&rsquo;ensemble Ka\u00efros est invit\u00e9 en r\u00e9sidence en Ard\u00e8che, \u00e0 Prunet et Chassier,\u00a0 pour y donner deux ou trois concerts et approfondir le travail sur la qualit\u00e9 du son.<\/p>\n<p>Cet \u00e9t\u00e9 Kairos pr\u00e9sentera son programme \u00ab\u00a0Night of stars\u00a0\u00bb \u00e0 LABOULE, le 25 juillet \u00e0 18H, \u00e0 UZER le 26 juillet \u00e0 18h et \u00e0 PRUNET le 27 juillet \u00e0 19 h<\/p>\n<p>&nbsp;<\/p>\n<p style=\"text-align: center;\"><img loading=\"lazy\" class=\"alignnone size-medium wp-image-1981\" src=\"http:\/\/jackmedia.be\/kairos\/wp-content\/uploads\/2023\/07\/laboule-v4-219x300.jpeg\" alt=\"\" width=\"219\" height=\"300\" srcset=\"https:\/\/jackmedia.be\/kairos\/wp-content\/uploads\/2023\/07\/laboule-v4-219x300.jpeg 219w, https:\/\/jackmedia.be\/kairos\/wp-content\/uploads\/2023\/07\/laboule-v4-748x1024.jpeg 748w, https:\/\/jackmedia.be\/kairos\/wp-content\/uploads\/2023\/07\/laboule-v4-768x1051.jpeg 768w, https:\/\/jackmedia.be\/kairos\/wp-content\/uploads\/2023\/07\/laboule-v4-1123x1536.jpeg 1123w, https:\/\/jackmedia.be\/kairos\/wp-content\/uploads\/2023\/07\/laboule-v4-1497x2048.jpeg 1497w, https:\/\/jackmedia.be\/kairos\/wp-content\/uploads\/2023\/07\/laboule-v4-618x846.jpeg 618w, https:\/\/jackmedia.be\/kairos\/wp-content\/uploads\/2023\/07\/laboule-v4-325x444.jpeg 325w, https:\/\/jackmedia.be\/kairos\/wp-content\/uploads\/2023\/07\/laboule-v4-scaled.jpeg 1871w\" sizes=\"(max-width: 219px) 100vw, 219px\" \/><img loading=\"lazy\" class=\"alignnone size-medium wp-image-1982\" src=\"http:\/\/jackmedia.be\/kairos\/wp-content\/uploads\/2023\/07\/uzer-v4-219x300.jpeg\" alt=\"\" width=\"219\" height=\"300\" srcset=\"https:\/\/jackmedia.be\/kairos\/wp-content\/uploads\/2023\/07\/uzer-v4-219x300.jpeg 219w, https:\/\/jackmedia.be\/kairos\/wp-content\/uploads\/2023\/07\/uzer-v4-748x1024.jpeg 748w, https:\/\/jackmedia.be\/kairos\/wp-content\/uploads\/2023\/07\/uzer-v4-768x1051.jpeg 768w, https:\/\/jackmedia.be\/kairos\/wp-content\/uploads\/2023\/07\/uzer-v4-1123x1536.jpeg 1123w, https:\/\/jackmedia.be\/kairos\/wp-content\/uploads\/2023\/07\/uzer-v4-1497x2048.jpeg 1497w, https:\/\/jackmedia.be\/kairos\/wp-content\/uploads\/2023\/07\/uzer-v4-618x846.jpeg 618w, https:\/\/jackmedia.be\/kairos\/wp-content\/uploads\/2023\/07\/uzer-v4-325x444.jpeg 325w, https:\/\/jackmedia.be\/kairos\/wp-content\/uploads\/2023\/07\/uzer-v4-scaled.jpeg 1871w\" sizes=\"(max-width: 219px) 100vw, 219px\" \/> <img loading=\"lazy\" class=\"alignnone size-medium wp-image-1983 aligncenter\" src=\"http:\/\/jackmedia.be\/kairos\/wp-content\/uploads\/2023\/07\/prunet-v4-219x300.jpeg\" alt=\"\" width=\"219\" height=\"300\" srcset=\"https:\/\/jackmedia.be\/kairos\/wp-content\/uploads\/2023\/07\/prunet-v4-219x300.jpeg 219w, https:\/\/jackmedia.be\/kairos\/wp-content\/uploads\/2023\/07\/prunet-v4-748x1024.jpeg 748w, https:\/\/jackmedia.be\/kairos\/wp-content\/uploads\/2023\/07\/prunet-v4-768x1051.jpeg 768w, https:\/\/jackmedia.be\/kairos\/wp-content\/uploads\/2023\/07\/prunet-v4-1123x1536.jpeg 1123w, https:\/\/jackmedia.be\/kairos\/wp-content\/uploads\/2023\/07\/prunet-v4-1497x2048.jpeg 1497w, https:\/\/jackmedia.be\/kairos\/wp-content\/uploads\/2023\/07\/prunet-v4-618x846.jpeg 618w, https:\/\/jackmedia.be\/kairos\/wp-content\/uploads\/2023\/07\/prunet-v4-325x444.jpeg 325w, https:\/\/jackmedia.be\/kairos\/wp-content\/uploads\/2023\/07\/prunet-v4-scaled.jpeg 1871w\" sizes=\"(max-width: 219px) 100vw, 219px\" \/><\/p>\n<div id=\"ConnectiveDocSignExtentionInstalled\" data-extension-version=\"1.0.4\"><\/div>\n<div id=\"sconnect-is-installed\" style=\"display: none;\">2.12.0.0<\/div>\n","protected":false},"excerpt":{"rendered":"<p>Depuis 10 ans, presque chaque \u00e9t\u00e9, l&rsquo;ensemble Ka\u00efros est invit\u00e9 en r\u00e9sidence en Ard\u00e8che, \u00e0 Prunet et Chassier,\u00a0 pour y donner deux ou trois concerts et approfondir le travail sur la qualit\u00e9 du son. Cet \u00e9t\u00e9 Kairos pr\u00e9sentera son programme \u00ab\u00a0Night of stars\u00a0\u00bb \u00e0 LABOULE, le 25 juillet \u00e0 18H, \u00e0 UZER le 26 juillet [&hellip;]<\/p>\n","protected":false},"author":7,"featured_media":0,"comment_status":"closed","ping_status":"open","sticky":false,"template":"","format":"standard","meta":[],"categories":[1],"tags":[],"_links":{"self":[{"href":"https:\/\/jackmedia.be\/kairos\/index.php\/wp-json\/wp\/v2\/posts\/1979"}],"collection":[{"href":"https:\/\/jackmedia.be\/kairos\/index.php\/wp-json\/wp\/v2\/posts"}],"about":[{"href":"https:\/\/jackmedia.be\/kairos\/index.php\/wp-json\/wp\/v2\/types\/post"}],"author":[{"embeddable":true,"href":"https:\/\/jackmedia.be\/kairos\/index.php\/wp-json\/wp\/v2\/users\/7"}],"replies":[{"embeddable":true,"href":"https:\/\/jackmedia.be\/kairos\/index.php\/wp-json\/wp\/v2\/comments?post=1979"}],"version-history":[{"count":3,"href":"https:\/\/jackmedia.be\/kairos\/index.php\/wp-json\/wp\/v2\/posts\/1979\/revisions"}],"predecessor-version":[{"id":1985,"href":"https:\/\/jackmedia.be\/kairos\/index.php\/wp-json\/wp\/v2\/posts\/1979\/revisions\/1985"}],"wp:attachment":[{"href":"https:\/\/jackmedia.be\/kairos\/index.php\/wp-json\/wp\/v2\/media?parent=1979"}],"wp:term":[{"taxonomy":"category","embeddable":true,"href":"https:\/\/jackmedia.be\/kairos\/index.php\/wp-json\/wp\/v2\/categories?post=1979"},{"taxonomy":"post_tag","embeddable":true,"href":"https:\/\/jackmedia.be\/kairos\/index.php\/wp-json\/wp\/v2\/tags?post=1979"}],"curies":[{"name":"wp","href":"https:\/\/api.w.org\/{rel}","templated":true}]}}