{"id":1948,"date":"2023-03-17T18:26:12","date_gmt":"2023-03-17T17:26:12","guid":{"rendered":"https:\/\/jackmedia.be\/kairos\/?p=1948"},"modified":"2023-09-13T09:20:43","modified_gmt":"2023-09-13T07:20:43","slug":"messe-polyphonique-a-saint-jacques-sur-coudenberg-dimanche-16-avril-11h","status":"publish","type":"post","link":"https:\/\/jackmedia.be\/kairos\/index.php\/2023\/03\/17\/messe-polyphonique-a-saint-jacques-sur-coudenberg-dimanche-16-avril-11h\/","title":{"rendered":"ANACONDA &#8211; DA CAGILE \u2013 KA\u00cfROS    en concert le 23 juin 2023 \u00e0 20h"},"content":{"rendered":"<div id=\"sconnect-is-installed\" style=\"display: none;\">\n<p><span style=\"color: #000000;\">\u00a0<\/span><\/p>\n<div>\n<div>\n<div>\n<div dir=\"ltr\">\n<div>\n<div>\n<div dir=\"\"><b><span style=\"color: #cd232c; font-size: x-large;\"><a href=\"https:\/\/concertsevents.wixsite.com\/senegal\" target=\"_blank\" rel=\"noopener\">ANACONDA &#8211; DA CAGILE \u2013 KA\u00cfROS<\/a><\/span><\/b><\/div>\n<div><span style=\"font-size: medium;\">En concert<\/span><\/div>\n<div>Trois chorales chantent pour soutenir le projet de construction d\u2019une maternit\u00e9 \u00e0 Bantancountou au S\u00e9n\u00e9gal.<\/div>\n<div>Venez passer une soir\u00e9e au but humanitaire avec ces trois chorales dont le r\u00e9pertoire diversifi\u00e9 vous transportera dans diff\u00e9rents horizons musicaux et culturels.<\/div>\n<div><\/div>\n<div><span style=\"font-size: x-large;\"><b>Vendredi 23 juin 2023 \u00e0 20h00<\/b><\/span><\/div>\n<div>\u00c0 l\u2019\u00c9glise Saint-Albert &#8211; Rue Victor Hugo 155 \u00e0 1030 &#8211; Schaerbeek<\/div>\n<div><\/div>\n<div>P.A.F. :<\/div>\n<div>15\u20ac adultes<\/div>\n<div>12\u20ac pr\u00e9vente et &lt;25 ans<\/div>\n<div>Gratuit enfants &lt;10 ans<\/div>\n<div><\/div>\n<div>Contact, pr\u00e9vente et r\u00e9servation :<\/div>\n<div>Isabelle Crabb\u00e9 : 0475\/775 176<\/div>\n<div><a href=\"mailto:isabelle007.crabbe@gmail.com\" target=\"_blank\" rel=\"noopener\">isabelle007.crabbe@gmail.com<\/a><\/div>\n<div>Pr\u00e9vente : envoyez-nous un message avec le nombre de places d\u00e9sir\u00e9 et les noms des personnes concern\u00e9es. Puis faites un virement avant le 20\/06\/2023 sur le compte : BE78 7865 7621 9386<\/div>\n<\/div>\n<div>\n<div>Plus d\u2019info sur le projet et le concert :<\/div>\n<div><a href=\"https:\/\/concertsevents.wixsite.com\/senegal?fbclid=IwAR0FjyMeOi2ljWjjX5YBcjKhb9HEBqIQNMqNS_AUuGaiU97k9Vy_tgI0K2Y\" target=\"_blank\" rel=\"nofollow noopener\">https:\/\/concertsevents.wixsite.com\/senegal<\/a><\/div>\n<\/div>\n<\/div>\n<\/div>\n<\/div>\n<\/div>\n<\/div>\n<p>2.12.0.0<\/p>\n<\/div>\n<p style=\"display: none;\">2.12.0.0<span style=\"color: #000000;\">\u00a0<\/span><\/p>\n<div>\n<div>\n<div>\n<div dir=\"ltr\">\n<div>\n<div>\n<div dir=\"\"><b><span style=\"color: #cd232c; font-size: x-large;\"><a href=\"https:\/\/concertsevents.wixsite.com\/senegal\" target=\"_blank\" rel=\"noopener\">ANACONDA &#8211; DA CAGILE \u2013 KA\u00cfROS<\/a><\/span><\/b><\/div>\n<div><span style=\"font-size: medium;\">En concert<\/span><\/div>\n<div>Trois chorales chantent pour soutenir le projet de construction d\u2019une maternit\u00e9 \u00e0 Bantancountou au S\u00e9n\u00e9gal.<\/div>\n<div>Venez passer une soir\u00e9e au but humanitaire avec ces trois chorales dont le r\u00e9pertoire diversifi\u00e9 vous transportera dans diff\u00e9rents horizons musicaux et culturels.<\/div>\n<div><\/div>\n<div><span style=\"font-size: x-large;\"><b>Vendredi 23 juin 2023 \u00e0 20h00<\/b><\/span><\/div>\n<div>\u00c0 l\u2019\u00c9glise Saint-Albert &#8211; Rue Victor Hugo 155 \u00e0 1030 &#8211; Schaerbeek<\/div>\n<div><\/div>\n<div>P.A.F. :<\/div>\n<div>15\u20ac adultes<\/div>\n<div>12\u20ac pr\u00e9vente et &lt;25 ans<\/div>\n<div>Gratuit enfants &lt;10 ans<\/div>\n<div><\/div>\n<div>Contact, pr\u00e9vente et r\u00e9servation :<\/div>\n<div>Isabelle Crabb\u00e9 : 0475\/775 176<\/div>\n<div><a href=\"mailto:isabelle007.crabbe@gmail.com\" target=\"_blank\" rel=\"noopener\">isabelle007.crabbe@gmail.com<\/a><\/div>\n<div>Pr\u00e9vente : envoyez-nous un message avec le nombre de places d\u00e9sir\u00e9 et les noms des personnes concern\u00e9es. Puis faites un virement avant le 20\/06\/2023 sur le compte : BE78 7865 7621 9386<\/div>\n<\/div>\n<div>\n<div>Plus d\u2019info sur le projet et le concert :<\/div>\n<div><a href=\"https:\/\/concertsevents.wixsite.com\/senegal?fbclid=IwAR0FjyMeOi2ljWjjX5YBcjKhb9HEBqIQNMqNS_AUuGaiU97k9Vy_tgI0K2Y\" target=\"_blank\" rel=\"nofollow noopener\">https:\/\/concertsevents.wixsite.com\/senegal<\/a><\/div>\n<\/div>\n<\/div>\n<\/div>\n<\/div>\n<\/div>\n<\/div>\n<div id=\"ConnectiveDocSignExtentionInstalled\" data-extension-version=\"1.0.4\"><\/div>\n<div id=\"sconnect-is-installed\" style=\"display: none;\">2.12.0.0<\/div>\n","protected":false},"excerpt":{"rendered":"<p>\u00a0 ANACONDA &#8211; DA CAGILE \u2013 KA\u00cfROS En concert Trois chorales chantent pour soutenir le projet de construction d\u2019une maternit\u00e9 \u00e0 Bantancountou au S\u00e9n\u00e9gal. Venez passer une soir\u00e9e au but humanitaire avec ces trois chorales dont le r\u00e9pertoire diversifi\u00e9 vous transportera dans diff\u00e9rents horizons musicaux et culturels. Vendredi 23 juin 2023 \u00e0 20h00 \u00c0 l\u2019\u00c9glise [&hellip;]<\/p>\n","protected":false},"author":7,"featured_media":0,"comment_status":"closed","ping_status":"open","sticky":false,"template":"","format":"standard","meta":[],"categories":[1],"tags":[],"_links":{"self":[{"href":"https:\/\/jackmedia.be\/kairos\/index.php\/wp-json\/wp\/v2\/posts\/1948"}],"collection":[{"href":"https:\/\/jackmedia.be\/kairos\/index.php\/wp-json\/wp\/v2\/posts"}],"about":[{"href":"https:\/\/jackmedia.be\/kairos\/index.php\/wp-json\/wp\/v2\/types\/post"}],"author":[{"embeddable":true,"href":"https:\/\/jackmedia.be\/kairos\/index.php\/wp-json\/wp\/v2\/users\/7"}],"replies":[{"embeddable":true,"href":"https:\/\/jackmedia.be\/kairos\/index.php\/wp-json\/wp\/v2\/comments?post=1948"}],"version-history":[{"count":6,"href":"https:\/\/jackmedia.be\/kairos\/index.php\/wp-json\/wp\/v2\/posts\/1948\/revisions"}],"predecessor-version":[{"id":1996,"href":"https:\/\/jackmedia.be\/kairos\/index.php\/wp-json\/wp\/v2\/posts\/1948\/revisions\/1996"}],"wp:attachment":[{"href":"https:\/\/jackmedia.be\/kairos\/index.php\/wp-json\/wp\/v2\/media?parent=1948"}],"wp:term":[{"taxonomy":"category","embeddable":true,"href":"https:\/\/jackmedia.be\/kairos\/index.php\/wp-json\/wp\/v2\/categories?post=1948"},{"taxonomy":"post_tag","embeddable":true,"href":"https:\/\/jackmedia.be\/kairos\/index.php\/wp-json\/wp\/v2\/tags?post=1948"}],"curies":[{"name":"wp","href":"https:\/\/api.w.org\/{rel}","templated":true}]}}