{"id":1597,"date":"2021-10-27T12:02:56","date_gmt":"2021-10-27T10:02:56","guid":{"rendered":"https:\/\/jackmedia.be\/kairos\/?p=1597"},"modified":"2021-11-29T21:42:56","modified_gmt":"2021-11-29T20:42:56","slug":"dimanche-19-decembre-a-11h-messe-polyphonique-a-saint-jacques-sur-coudenberg","status":"publish","type":"post","link":"https:\/\/jackmedia.be\/kairos\/index.php\/2021\/10\/27\/dimanche-19-decembre-a-11h-messe-polyphonique-a-saint-jacques-sur-coudenberg\/","title":{"rendered":"Dimanche 19 d\u00e9cembre \u00e0 11h : messe polyphonique \u00e0 Saint-Jacques-sur-Coudenberg"},"content":{"rendered":"<p><img loading=\"lazy\" class=\"alignnone wp-image-1596 size-full\" src=\"http:\/\/jackmedia.be\/kairos\/wp-content\/uploads\/2021\/10\/45626616.jpeg\" alt=\"\" width=\"1024\" height=\"559\" srcset=\"https:\/\/jackmedia.be\/kairos\/wp-content\/uploads\/2021\/10\/45626616.jpeg 1024w, https:\/\/jackmedia.be\/kairos\/wp-content\/uploads\/2021\/10\/45626616-300x164.jpeg 300w, https:\/\/jackmedia.be\/kairos\/wp-content\/uploads\/2021\/10\/45626616-768x419.jpeg 768w, https:\/\/jackmedia.be\/kairos\/wp-content\/uploads\/2021\/10\/45626616-618x337.jpeg 618w, https:\/\/jackmedia.be\/kairos\/wp-content\/uploads\/2021\/10\/45626616-444x242.jpeg 444w\" sizes=\"(max-width: 1024px) 100vw, 1024px\" \/><\/p>\r\n\r\n<p>Chaque mois, la paroisse de Saint-Jacques-sur-Coudenberg invite un choeur pour animer la c\u00e9l\u00e9bration dominicale. C&rsquo;est Ka\u00efros qui aura le plaisir de le faire ce dimanche 19 d\u00e9cembre, avec la Messe br\u00e8ve en r\u00e9 mineur d&rsquo;Antonio Lotti. Ce compositeur v\u00e9nitien des XVII et XVIIIes si\u00e8cles est g\u00e9n\u00e9ralement caract\u00e9ris\u00e9 comme \u00e9tant \u00e0 la crois\u00e9e des chemins du baroque et du classique.<\/p>\r\n<p>L&rsquo;oeuvre de Lotti sera compl\u00e9t\u00e9e par des mottets d&rsquo;Arvo P\u00e4rt, Sergei Glagolev et James MacMillan. L&rsquo;organiste titulaire, Eric Mairlot, agr\u00e9mentera \u00e9galement la c\u00e9l\u00e9bration.<\/p>\r\n","protected":false},"excerpt":{"rendered":"<p>Chaque mois, la paroisse de Saint-Jacques-sur-Coudenberg invite un choeur pour animer la c\u00e9l\u00e9bration dominicale. C&rsquo;est Ka\u00efros qui aura le plaisir de le faire ce dimanche 19 d\u00e9cembre, avec la Messe br\u00e8ve en r\u00e9 mineur d&rsquo;Antonio Lotti. Ce compositeur v\u00e9nitien des XVII et XVIIIes si\u00e8cles est g\u00e9n\u00e9ralement caract\u00e9ris\u00e9 comme \u00e9tant \u00e0 la crois\u00e9e des chemins du [&hellip;]<\/p>\n","protected":false},"author":1,"featured_media":0,"comment_status":"open","ping_status":"open","sticky":false,"template":"","format":"standard","meta":[],"categories":[1],"tags":[],"_links":{"self":[{"href":"https:\/\/jackmedia.be\/kairos\/index.php\/wp-json\/wp\/v2\/posts\/1597"}],"collection":[{"href":"https:\/\/jackmedia.be\/kairos\/index.php\/wp-json\/wp\/v2\/posts"}],"about":[{"href":"https:\/\/jackmedia.be\/kairos\/index.php\/wp-json\/wp\/v2\/types\/post"}],"author":[{"embeddable":true,"href":"https:\/\/jackmedia.be\/kairos\/index.php\/wp-json\/wp\/v2\/users\/1"}],"replies":[{"embeddable":true,"href":"https:\/\/jackmedia.be\/kairos\/index.php\/wp-json\/wp\/v2\/comments?post=1597"}],"version-history":[{"count":3,"href":"https:\/\/jackmedia.be\/kairos\/index.php\/wp-json\/wp\/v2\/posts\/1597\/revisions"}],"predecessor-version":[{"id":1611,"href":"https:\/\/jackmedia.be\/kairos\/index.php\/wp-json\/wp\/v2\/posts\/1597\/revisions\/1611"}],"wp:attachment":[{"href":"https:\/\/jackmedia.be\/kairos\/index.php\/wp-json\/wp\/v2\/media?parent=1597"}],"wp:term":[{"taxonomy":"category","embeddable":true,"href":"https:\/\/jackmedia.be\/kairos\/index.php\/wp-json\/wp\/v2\/categories?post=1597"},{"taxonomy":"post_tag","embeddable":true,"href":"https:\/\/jackmedia.be\/kairos\/index.php\/wp-json\/wp\/v2\/tags?post=1597"}],"curies":[{"name":"wp","href":"https:\/\/api.w.org\/{rel}","templated":true}]}}