{"id":1385,"date":"2021-05-03T09:01:57","date_gmt":"2021-05-03T08:01:57","guid":{"rendered":"https:\/\/ensemblecvocalkairos.wordpress.com\/?p=1385"},"modified":"2021-05-03T09:01:57","modified_gmt":"2021-05-03T08:01:57","slug":"annulation-du-festival-du-29-mai-a-labbaye-de-saint-denis","status":"publish","type":"post","link":"https:\/\/jackmedia.be\/kairos\/index.php\/2021\/05\/03\/annulation-du-festival-du-29-mai-a-labbaye-de-saint-denis\/","title":{"rendered":"Annulation du festival du 29 mai \u00e0 l&rsquo;abbaye de Saint Denis"},"content":{"rendered":"\n<p>Voici le message des organisatrices<\/p>\n\n\n\n<p>A nos amis chefs de choeur et \u00e0 tous les choristes,&nbsp;<\/p>\n\n\n\n<p>Nous avons esp\u00e9r\u00e9 jusqu\u2019\u00e0 la derni\u00e8re minute mais nous devons h\u00e9las nous rendre&nbsp;\u00e0 l\u2019\u00e9vidence : le festival 2021 \u00ab\u00a0Choeurs au coeur&nbsp;de l\u2019Abbaye \u201c ne pourra pas&nbsp;\u00eatre organis\u00e9.&nbsp;Dans les conditions qui nous sont impos\u00e9es &#8211; notamment au niveau des jauges &#8211;&nbsp;il perdrait tout son sens et nous ne pouvons nous permettre d\u2019engager toute une \u00e9quipe&nbsp;technique et logistique pour une manifestation rendue aussi &#8230; confidentielle sur un site particuli\u00e8rement vaste et compl\u00e8tement ouvert.&nbsp;<\/p>\n\n\n\n<p>Nous sommes tristes car jusqu\u2019au bout nous y avons cru, esp\u00e9rant que les assouplissements envisag\u00e9s pour la culture par nos autorit\u00e9s arriveraient avant le mois de juin.&nbsp;Vos prestations nous auraient&nbsp;fait tellement de bien mais nous ne nous laissons pas abattre et, envers et contre tout, nous vous donnons rendez-vous au mois de mai 2022!&nbsp;<\/p>\n\n\n\n<p>Gardez votre bel enthousiasme, c\u2019est notre arme ultime !&nbsp;Tr\u00e8s amicalement,<br>Pour le festival \u00ab\u00a0Choeurs au coeur de l&rsquo;Abbaye\u00a0\u00bb,<\/p>\n\n\n\n<p>Antoinette De Baets et Catherine Lambrecht<\/p>\n","protected":false},"excerpt":{"rendered":"<p>Voici le message des organisatrices A nos amis chefs de choeur et \u00e0 tous les choristes,&nbsp; Nous avons esp\u00e9r\u00e9 jusqu\u2019\u00e0 la derni\u00e8re minute mais nous devons h\u00e9las nous rendre&nbsp;\u00e0 l\u2019\u00e9vidence : le festival 2021 \u00ab\u00a0Choeurs au coeur&nbsp;de l\u2019Abbaye \u201c ne pourra pas&nbsp;\u00eatre organis\u00e9.&nbsp;Dans les conditions qui nous sont impos\u00e9es &#8211; notamment au niveau des jauges [&hellip;]<\/p>\n","protected":false},"author":7,"featured_media":0,"comment_status":"closed","ping_status":"closed","sticky":false,"template":"","format":"standard","meta":[],"categories":[1],"tags":[],"_links":{"self":[{"href":"https:\/\/jackmedia.be\/kairos\/index.php\/wp-json\/wp\/v2\/posts\/1385"}],"collection":[{"href":"https:\/\/jackmedia.be\/kairos\/index.php\/wp-json\/wp\/v2\/posts"}],"about":[{"href":"https:\/\/jackmedia.be\/kairos\/index.php\/wp-json\/wp\/v2\/types\/post"}],"author":[{"embeddable":true,"href":"https:\/\/jackmedia.be\/kairos\/index.php\/wp-json\/wp\/v2\/users\/7"}],"replies":[{"embeddable":true,"href":"https:\/\/jackmedia.be\/kairos\/index.php\/wp-json\/wp\/v2\/comments?post=1385"}],"version-history":[{"count":0,"href":"https:\/\/jackmedia.be\/kairos\/index.php\/wp-json\/wp\/v2\/posts\/1385\/revisions"}],"wp:attachment":[{"href":"https:\/\/jackmedia.be\/kairos\/index.php\/wp-json\/wp\/v2\/media?parent=1385"}],"wp:term":[{"taxonomy":"category","embeddable":true,"href":"https:\/\/jackmedia.be\/kairos\/index.php\/wp-json\/wp\/v2\/categories?post=1385"},{"taxonomy":"post_tag","embeddable":true,"href":"https:\/\/jackmedia.be\/kairos\/index.php\/wp-json\/wp\/v2\/tags?post=1385"}],"curies":[{"name":"wp","href":"https:\/\/api.w.org\/{rel}","templated":true}]}}