{"id":1105,"date":"2019-05-01T11:25:57","date_gmt":"2019-05-01T10:25:57","guid":{"rendered":"https:\/\/ensemblecvocalkairos.wordpress.com\/?p=1105"},"modified":"2022-05-05T16:47:54","modified_gmt":"2022-05-05T14:47:54","slug":"les-mots-du-chef-4","status":"publish","type":"post","link":"https:\/\/jackmedia.be\/kairos\/index.php\/2019\/05\/01\/les-mots-du-chef-4\/","title":{"rendered":"Les mots du chef"},"content":{"rendered":"<p>\u00ab H\u00e2te-toi.<\/p>\n<p>H\u00e2te-toi de transmettre ta part de merveilleux \u00bb \u00a0 \u00a0 \u00a0 \u00a0 \u00a0 \u00a0 \u00a0 \u00a0Ren\u00e9 Char<\/p>\n<p>&nbsp;<\/p>\n<p>Sur la Place Royale face au Mont des Arts, l\u2019\u00e9glise St Jacques sur Coudenberg pr\u00e9sente un aust\u00e8re fronton classique aux imposantes colonnes rappelant un temple grec.<\/p>\n<p>A l\u2019int\u00e9rieur, une douce lumi\u00e8re dor\u00e9e baigne le choeur.<\/p>\n<p>En ce 2\u00e8me dimanche de P\u00e2ques, Ka\u00efros y a chant\u00e9 la \u00ab Missa Pro Vivis \u00bb d\u2019Alain De Ley, compositeur anversois et directeur artistique du choeur de la VRT.<\/p>\n<p>L\u2019acoustique g\u00e9n\u00e9reuse de l\u2019\u00e9glise convenait parfaitement \u00e0 cette oeuvre enracin\u00e9e dans la grande tradition polyphonique de la Renaissance, qui oscille entre int\u00e9riorit\u00e9 et expression jubilatoire.<\/p>\n<p>Les dissonances quant \u00e0 elles rappellent qu\u2019il n\u2019existe pas d\u2019amour sans souffrance, faisant ainsi \u00e9cho aux lectures du jour.<\/p>\n<p>La \u00ab Missa Pro Vivis \u00bb d\u00e9di\u00e9e aux vivants, et selon les termes du compositeur, aux survivants, a \u00e9t\u00e9 \u00e9crite alors qu\u2019il \u00e9tait lui-m\u00eame hospitalis\u00e9 en oncologie. Elle rend de ce fait un vibrant hommage \u00e0 la lumi\u00e8re et \u00e0 la vie.<\/p>\n<p>Elle \u00e9tait d\u00e8s lors en parfaite ad\u00e9quation avec la p\u00e9riode pascale o\u00f9 la nature c\u00e9l\u00e8bre avec splendeur le retour \u00e0 la vie.<\/p>\n<p>Deux oeuvres contemporaines encadraient la \u00ab Missa Pro Vivis \u00bb: \u00ab The Lord\u2019s Prayer \u00ab \u00a0de J.Tavener et \u00ab Salve Regina \u00bb de K.Bikkembergs, apportant \u00e0 la c\u00e9l\u00e9bration un caract\u00e8re m\u00e9ditatif.<\/p>\n<p><img loading=\"lazy\" class=\"alignnone wp-image-1786 size-full\" src=\"http:\/\/jackmedia.be\/kairos\/wp-content\/uploads\/2019\/05\/p1070976-scaled.jpg\" alt=\"\" width=\"2560\" height=\"1920\" srcset=\"https:\/\/jackmedia.be\/kairos\/wp-content\/uploads\/2019\/05\/p1070976-scaled.jpg 2560w, https:\/\/jackmedia.be\/kairos\/wp-content\/uploads\/2019\/05\/p1070976-300x225.jpg 300w, https:\/\/jackmedia.be\/kairos\/wp-content\/uploads\/2019\/05\/p1070976-1024x768.jpg 1024w, https:\/\/jackmedia.be\/kairos\/wp-content\/uploads\/2019\/05\/p1070976-768x576.jpg 768w, https:\/\/jackmedia.be\/kairos\/wp-content\/uploads\/2019\/05\/p1070976-1536x1152.jpg 1536w, https:\/\/jackmedia.be\/kairos\/wp-content\/uploads\/2019\/05\/p1070976-2048x1536.jpg 2048w, https:\/\/jackmedia.be\/kairos\/wp-content\/uploads\/2019\/05\/p1070976-1365x1024.jpg 1365w, https:\/\/jackmedia.be\/kairos\/wp-content\/uploads\/2019\/05\/p1070976-618x464.jpg 618w, https:\/\/jackmedia.be\/kairos\/wp-content\/uploads\/2019\/05\/p1070976-138x104.jpg 138w, https:\/\/jackmedia.be\/kairos\/wp-content\/uploads\/2019\/05\/p1070976-444x333.jpg 444w\" sizes=\"(max-width: 2560px) 100vw, 2560px\" \/><\/p>\n<p>&nbsp;<\/p>\n","protected":false},"excerpt":{"rendered":"<p>\u00ab H\u00e2te-toi. H\u00e2te-toi de transmettre ta part de merveilleux \u00bb \u00a0 \u00a0 \u00a0 \u00a0 \u00a0 \u00a0 \u00a0 \u00a0Ren\u00e9 Char &nbsp; Sur la Place Royale face au Mont des Arts, l\u2019\u00e9glise St Jacques sur Coudenberg pr\u00e9sente un aust\u00e8re fronton classique aux imposantes colonnes rappelant un temple grec. A l\u2019int\u00e9rieur, une douce lumi\u00e8re dor\u00e9e baigne le choeur. [&hellip;]<\/p>\n","protected":false},"author":7,"featured_media":0,"comment_status":"closed","ping_status":"closed","sticky":false,"template":"","format":"standard","meta":[],"categories":[1],"tags":[],"_links":{"self":[{"href":"https:\/\/jackmedia.be\/kairos\/index.php\/wp-json\/wp\/v2\/posts\/1105"}],"collection":[{"href":"https:\/\/jackmedia.be\/kairos\/index.php\/wp-json\/wp\/v2\/posts"}],"about":[{"href":"https:\/\/jackmedia.be\/kairos\/index.php\/wp-json\/wp\/v2\/types\/post"}],"author":[{"embeddable":true,"href":"https:\/\/jackmedia.be\/kairos\/index.php\/wp-json\/wp\/v2\/users\/7"}],"replies":[{"embeddable":true,"href":"https:\/\/jackmedia.be\/kairos\/index.php\/wp-json\/wp\/v2\/comments?post=1105"}],"version-history":[{"count":2,"href":"https:\/\/jackmedia.be\/kairos\/index.php\/wp-json\/wp\/v2\/posts\/1105\/revisions"}],"predecessor-version":[{"id":1788,"href":"https:\/\/jackmedia.be\/kairos\/index.php\/wp-json\/wp\/v2\/posts\/1105\/revisions\/1788"}],"wp:attachment":[{"href":"https:\/\/jackmedia.be\/kairos\/index.php\/wp-json\/wp\/v2\/media?parent=1105"}],"wp:term":[{"taxonomy":"category","embeddable":true,"href":"https:\/\/jackmedia.be\/kairos\/index.php\/wp-json\/wp\/v2\/categories?post=1105"},{"taxonomy":"post_tag","embeddable":true,"href":"https:\/\/jackmedia.be\/kairos\/index.php\/wp-json\/wp\/v2\/tags?post=1105"}],"curies":[{"name":"wp","href":"https:\/\/api.w.org\/{rel}","templated":true}]}}