{"id":1054,"date":"2018-12-07T18:30:40","date_gmt":"2018-12-07T17:30:40","guid":{"rendered":"https:\/\/ensemblecvocalkairos.wordpress.com\/?p=1054"},"modified":"2018-12-07T18:30:40","modified_gmt":"2018-12-07T17:30:40","slug":"les-mots-du-chef-3","status":"publish","type":"post","link":"https:\/\/jackmedia.be\/kairos\/index.php\/2018\/12\/07\/les-mots-du-chef-3\/","title":{"rendered":"Les mots du chef"},"content":{"rendered":"<p>Sur une butte herbeuse, \u00e0 l\u2019\u00e9cart de l\u2019agitation de la place Keym, se trouve une authentique \u00e9glise romane dont les fondations remontent \u00e0 l\u2019\u00e9poque m\u00e9rovingienne.\u00a0C\u2019est \u00e0 Saint Cl\u00e9ment, Watermael-Boitsfort, que l\u2019ensemble vocal Ka\u00efros a donn\u00e9 un concert le jeudi 6 d\u00e9cembre, au profit des oeuvres caritatives de l\u2019association \u00ab Femmes d\u2019Europe\u00a0\u00bb.\u00a0Le programme en deux parties a emmen\u00e9 le public en voyage \u00e0 travers la Hongrie et l\u2019Espagne.<\/p>\n<p>Ka\u00efros a d\u2019abord propos\u00e9 des oeuvres de Bardos, Kodaly et Ligeti, trois compositeurs dont les noms sont associ\u00e9s \u00e0 la riche tradition musicale hongroise empreinte de po\u00e9sie, d\u2019ardeur toute juv\u00e9nile et de m\u00e9lancolie.<\/p>\n<p>La deuxi\u00e8me partie consacr\u00e9e \u00e0 l\u2019Espagne a r\u00e9v\u00e9l\u00e9 plusieurs facettes d\u2019un paysage polyphonique peu connu en Belgique: des oeuvres sacr\u00e9es de Javier Busto, compositeur basque autodidacte, des m\u00e9lodies populaires, et pour terminer, des pi\u00e8ces inspir\u00e9es par les textes de F.G.Lorca, grand po\u00e8te d\u00e9c\u00e9d\u00e9 tragiquement durant la guerre civile.<\/p>\n<p>On soulignera en particulier \u00ab \u00a0Campo\u00a0\u00bb, une composition de Chantal Levie,\u00a0qui illustre \u00e0 merveille l\u2019univers si particulier du po\u00e8te o\u00f9 sensualit\u00e9, myst\u00e8re et fascination de la mort sont \u00e9troitement m\u00eal\u00e9s:\u00a0\u00ab Noche verde, lentas espirales moradas tiemblan en la bola de vidrio del aire y en las cuevas dormitan las\u00a0serpientes del ritmo. \u00bb<\/p>\n<p>Les dimensions et l\u2019acoustique exceptionnelle de l\u2019\u00e9glise ont mis admirablement en valeur ce programme \u00e0 la fois original et de grande qualit\u00e9 artistique.<\/p>\n<p>En guise d\u2019introduction, le tout nouvel ensemble Vox-Pat sous la direction de Charlotte Messiaen a interpr\u00e9t\u00e9 quelques chants de No\u00ebl hongrois, et les deux choeurs se sont r\u00e9unis en fin de programme pour un No\u00ebl Nouvelet plein d\u2019entrain, cl\u00f4turant ainsi une fort belle soir\u00e9e.<\/p>\n","protected":false},"excerpt":{"rendered":"<p>Sur une butte herbeuse, \u00e0 l\u2019\u00e9cart de l\u2019agitation de la place Keym, se trouve une authentique \u00e9glise romane dont les fondations remontent \u00e0 l\u2019\u00e9poque m\u00e9rovingienne.\u00a0C\u2019est \u00e0 Saint Cl\u00e9ment, Watermael-Boitsfort, que l\u2019ensemble vocal Ka\u00efros a donn\u00e9 un concert le jeudi 6 d\u00e9cembre, au profit des oeuvres caritatives de l\u2019association \u00ab Femmes d\u2019Europe\u00a0\u00bb.\u00a0Le programme en deux parties [&hellip;]<\/p>\n","protected":false},"author":7,"featured_media":0,"comment_status":"closed","ping_status":"closed","sticky":false,"template":"","format":"standard","meta":[],"categories":[1],"tags":[],"_links":{"self":[{"href":"https:\/\/jackmedia.be\/kairos\/index.php\/wp-json\/wp\/v2\/posts\/1054"}],"collection":[{"href":"https:\/\/jackmedia.be\/kairos\/index.php\/wp-json\/wp\/v2\/posts"}],"about":[{"href":"https:\/\/jackmedia.be\/kairos\/index.php\/wp-json\/wp\/v2\/types\/post"}],"author":[{"embeddable":true,"href":"https:\/\/jackmedia.be\/kairos\/index.php\/wp-json\/wp\/v2\/users\/7"}],"replies":[{"embeddable":true,"href":"https:\/\/jackmedia.be\/kairos\/index.php\/wp-json\/wp\/v2\/comments?post=1054"}],"version-history":[{"count":0,"href":"https:\/\/jackmedia.be\/kairos\/index.php\/wp-json\/wp\/v2\/posts\/1054\/revisions"}],"wp:attachment":[{"href":"https:\/\/jackmedia.be\/kairos\/index.php\/wp-json\/wp\/v2\/media?parent=1054"}],"wp:term":[{"taxonomy":"category","embeddable":true,"href":"https:\/\/jackmedia.be\/kairos\/index.php\/wp-json\/wp\/v2\/categories?post=1054"},{"taxonomy":"post_tag","embeddable":true,"href":"https:\/\/jackmedia.be\/kairos\/index.php\/wp-json\/wp\/v2\/tags?post=1054"}],"curies":[{"name":"wp","href":"https:\/\/api.w.org\/{rel}","templated":true}]}}