{"id":1265,"date":"2020-09-09T13:43:46","date_gmt":"2020-09-09T12:43:46","guid":{"rendered":"https:\/\/ensemblecvocalkairos.wordpress.com\/?p=1265"},"modified":"2020-09-09T13:43:46","modified_gmt":"2020-09-09T12:43:46","slug":"les-mots-du-choeur","status":"publish","type":"post","link":"http:\/\/jackmedia.be\/kairos\/index.php\/2020\/09\/09\/les-mots-du-choeur\/","title":{"rendered":"MERCI BRUNO"},"content":{"rendered":"\n<figure class=\"wp-block-image size-large\"><img src=\"https:\/\/ensemblecvocalkairos.files.wordpress.com\/2020\/09\/bruno-en-ardecc80che-2019.jpg?w=768\" alt=\"\" class=\"wp-image-1267\" \/><\/figure>\n\n\n\n<p>Cette rentr\u00e9e 2020 est bien particuli\u00e8re pour Kairos, un moment fort de transition dans la continuit\u00e9, de joie et de tristesse&nbsp;m\u00eal\u00e9es, de reconnaissance pour les dix ann\u00e9es \u00e9coul\u00e9es et de regards vers l&rsquo;avenir. Bruno Crabb\u00e9 nous a quitt\u00e9 ce 13 juillet et reste toujours aussi pr\u00e9sent dans le coeur de chacun d&rsquo;entre nous. Avec et gr\u00e2ce \u00e0 lui nous avons v\u00e9cu une infinit\u00e9 de moments de partage, musicaux tant qu&rsquo;humains. Notre chagrin est immense, mais que faire, sinon continuer \u00e0 chanter ? Et c&rsquo;est ce que nous allons faire, avec joie, sous la direction&nbsp;de notre nouvelle cheffe, Laurence Renson, qui connaissait&nbsp;bien Bruno.&nbsp;Tous les chanteurs de Kairos se retrouvent autour d&rsquo;elle en cette rentr\u00e9e, avec le soutien pr\u00e9cieux de l&rsquo;Acad\u00e9mie de St Gilles. D\u00e9j\u00e0 cet \u00e9t\u00e9 nous nous sommes remis \u00e0 chanter ensemble lors d&rsquo;une semaine en Ard\u00e8che. Nous avons pr\u00e9par\u00e9 le programme de notre concert de 10\u00e8me anniversaire dans&nbsp;la merveilleuse \u00e9glise romane de Prunet, sans public cette ann\u00e9e, et sans Bruno. Pourtant chaque&nbsp;chant \u00e9voquait sa pr\u00e9sence, et il \u00e9tait parmi nous \u00e0 travers les pierres, les vignes, les galets des rivi\u00e8res, les \u00e9toiles dans la nuit. Ce fut une semaine pleine d&rsquo;\u00e9motions, de rires et de pleurs, mais avant tout de joie et de gratitude. Nous sommes pr\u00eats \u00e0 aller de l&rsquo;avant avec Laurence.&nbsp;Bruno a cr\u00e9\u00e9 Kairos il y a 10 ans sous le signe de l&rsquo;enthousiasme, de la beaut\u00e9 sonore, de la bienveillance, de l&rsquo;exigence, de la g\u00e9n\u00e9rosit\u00e9, de la lucidit\u00e9, de la simplicit\u00e9 et de l&rsquo;amiti\u00e9. Ce sont de belles bases sur lesquelles Kairos va pouvoir \u00e9voluer.&nbsp;<\/p>\n","protected":false},"excerpt":{"rendered":"<p>Cette rentr\u00e9e 2020 est bien particuli\u00e8re pour Kairos, un moment fort de transition dans la continuit\u00e9, de joie et de tristesse&nbsp;m\u00eal\u00e9es, de reconnaissance pour les dix ann\u00e9es \u00e9coul\u00e9es et de regards vers l&rsquo;avenir. Bruno Crabb\u00e9 nous a quitt\u00e9 ce 13 juillet et reste toujours aussi pr\u00e9sent dans le coeur de chacun d&rsquo;entre nous. Avec et [&hellip;]<\/p>\n","protected":false},"author":7,"featured_media":0,"comment_status":"closed","ping_status":"closed","sticky":false,"template":"","format":"standard","meta":[],"categories":[1],"tags":[],"_links":{"self":[{"href":"http:\/\/jackmedia.be\/kairos\/index.php\/wp-json\/wp\/v2\/posts\/1265"}],"collection":[{"href":"http:\/\/jackmedia.be\/kairos\/index.php\/wp-json\/wp\/v2\/posts"}],"about":[{"href":"http:\/\/jackmedia.be\/kairos\/index.php\/wp-json\/wp\/v2\/types\/post"}],"author":[{"embeddable":true,"href":"http:\/\/jackmedia.be\/kairos\/index.php\/wp-json\/wp\/v2\/users\/7"}],"replies":[{"embeddable":true,"href":"http:\/\/jackmedia.be\/kairos\/index.php\/wp-json\/wp\/v2\/comments?post=1265"}],"version-history":[{"count":0,"href":"http:\/\/jackmedia.be\/kairos\/index.php\/wp-json\/wp\/v2\/posts\/1265\/revisions"}],"wp:attachment":[{"href":"http:\/\/jackmedia.be\/kairos\/index.php\/wp-json\/wp\/v2\/media?parent=1265"}],"wp:term":[{"taxonomy":"category","embeddable":true,"href":"http:\/\/jackmedia.be\/kairos\/index.php\/wp-json\/wp\/v2\/categories?post=1265"},{"taxonomy":"post_tag","embeddable":true,"href":"http:\/\/jackmedia.be\/kairos\/index.php\/wp-json\/wp\/v2\/tags?post=1265"}],"curies":[{"name":"wp","href":"https:\/\/api.w.org\/{rel}","templated":true}]}}