{"id":1228,"date":"2020-04-22T14:06:05","date_gmt":"2020-04-22T13:06:05","guid":{"rendered":"https:\/\/ensemblecvocalkairos.wordpress.com\/?p=1228"},"modified":"2020-04-22T14:06:05","modified_gmt":"2020-04-22T13:06:05","slug":"sur-musique-3-dimanche-26-avril-a-12h-emission-puisque-vous-avez-du-talent","status":"publish","type":"post","link":"http:\/\/jackmedia.be\/kairos\/index.php\/2020\/04\/22\/sur-musique-3-dimanche-26-avril-a-12h-emission-puisque-vous-avez-du-talent\/","title":{"rendered":"Sur Musiq&rsquo;3, dimanche 26 avril \u00e0 12H, \u00e9mission \u00ab\u00a0Puisque vous avez du talent!\u00a0\u00bb"},"content":{"rendered":"\n<p>Bruno Crabb\u00e9 et Colette Richard sont interview\u00e9s par Laurent Graulus pour pr\u00e9senter le choeur Ka\u00efros dans le cadre de l&rsquo;\u00e9mission \u00ab\u00a0Puisque vous avez du talent\u00a0\u00bb. <\/p>\n\n\n\n<p>Le producteur et pr\u00e9sentateur de cette \u00e9mission, Laurent Graulus, a \u00e9t\u00e9 touch\u00e9 par notre vid\u00e9o de confinement, \u00ab\u00a0An irish blessing\u00a0\u00bb <a href=\"https:\/\/youtu.be\/JLKJVmuxyMA\">https:\/\/youtu.be\/JLKJVmuxyMA<\/a><\/p>\n\n\n\n<p>Il a voulu en savoir un peu plus sur ce choeur qu&rsquo;il a trouv\u00e9 plein de vie et en faire part \u00e0 son public. <\/p>\n\n\n\n<p>Cette \u00e9mission est un beau cadeau pour nos dix ans. Merci Laurent!  Merci Musiq&rsquo;3!<\/p>\n\n\n\n<p>Voici le lien vers l&rsquo;enregistrement en podcast de l&rsquo;\u00e9mission: <\/p>\n\n\n\n<figure class=\"wp-block-embed is-type-rich is-provider-embed\"><div class=\"wp-block-embed__wrapper\">\nhttps:\/\/www.rtbf.be\/musiq3\/emissions\/detail_puisque-vous-avez-du-talent\/tous-les-programmes\/article_l-ensemble-vocal-kairos-on-doit-avoir-conscience-que-l-on-construit-quelque-chose-tous-ensemble?id=10488344&#038;programId=5956\n<\/div><\/figure>\n\n\n\n<p> Sur le site de RTBF Musique&rsquo;3, vous trouverez \u00e9galement un article de Laurent Graulus qui reprend des \u00e9l\u00e9ments de l&rsquo;interview. Nous en reproduisons ici de larges extraits:<\/p>\n\n\n\n<p><strong>L&rsquo;ensemble vocal Ka\u00efros : \u00ab\u00a0On doit avoir conscience que l&rsquo;on construit quelque chose tous ensemble\u00a0\u00bb<\/strong>. <\/p>\n\n\n\n<p>Ce midi, nous recevons deux membres de l&rsquo;ensemble vocal Ka\u00efros : leur chef de choeur <strong>Bruno Crabb\u00e9<\/strong>, et l&rsquo;une de ses cinq&nbsp;sopranes, <strong>Colette Richard<\/strong>.<\/p>\n\n\n\n<p> Ka\u00efros, c&rsquo;est un choeur a capella de 17 chanteurs amateurs, sp\u00e9cialis\u00e9 dans le r\u00e9pertoire des 19e, 20e et 21e si\u00e8cle. <\/p>\n\n\n\n<p>Vous avez dit amateur ? Certes, mais d\u00e8s l&rsquo;entame de notre conversation, le chef de choeur Bruno Crabb\u00e9 nous rappellera&nbsp;les deux sens tr\u00e8s oppos\u00e9s du vocable \u00ab\u00a0amateur\u00a0\u00bb:<em>\u00ab\u00a0Dans le terme \u00ab\u00a0amateur\u00a0\u00bb, on peut bien s\u00fbr sous-entendre le terme d&rsquo; \u00ab\u00a0amateurisme\u00a0\u00bb, mais l&rsquo;amateur, c&rsquo;est aussi&nbsp;\u00ab\u00a0<strong>celui qui aime<\/strong>\u00ab\u00a0<\/em>.<\/p>\n\n\n\n<p>Et c&rsquo;est bien la 2e signification qu&rsquo;il faut retenir&nbsp;dans le cas de l&rsquo;ensemble vocal Ka\u00efros.<\/p>\n\n\n\n<p>Leur chef, Bruno Crabb\u00e9, pianiste et professeur de piano, a \u00e9galement \u00e9t\u00e9 membre du Choeur de Chambre de Namur pendant 10 ans. Il sait donc parfaitement de quoi il parle.<\/p>\n\n\n\n<p><em>\u00ab\u00a0Tous les membres de l&rsquo;ensemble ont re\u00e7u une formation musicale<\/em>, nous confiera la soprano Colette Richard, <em>chacun lit la musique, et notre chef de choeur insiste pour que nous travaillions nos parties, \u00e0 la maison. C&rsquo;est une exigence dont je le f\u00e9licite.\u00a0\u00bb<\/em><\/p>\n\n\n\n<p>Le degr\u00e9 d&rsquo;exigence est donc \u00e9lev\u00e9. Bruno Crabb\u00e9 organise des auditions, comme dans les choeurs professionnels, et veille \u00e0 ce que les voix des nouvelles recrues puissent se \u00ab\u00a0marier\u00a0\u00bb avec la couleur existante du choeur.<\/p>\n\n\n\n<p>C&rsquo;est qu&rsquo;apr\u00e8s 10 ans d&rsquo;existence, des r\u00e9p\u00e9titions cadr\u00e9es toutes les semaines, l&rsquo;ensemble vocal Ka\u00efros peut s&rsquo;enorgueillir d&rsquo;un sacr\u00e9 niveau. Une qualit\u00e9 technique qui lui permet d&rsquo;aborder le grand r\u00e9pertoire sacr\u00e9 pour choeur, tels que le Salve Regina de <strong>Poulenc<\/strong>, la musique de <strong>Schubert<\/strong>, pour ne citer que deux exemples, ou bien encore de la musique vocale belge et scandinave du 21e si\u00e8cle.<\/p>\n\n\n\n<p><em>\u00ab\u00a0A tout moment,<\/em> nous expliquera Bruno Crabb\u00e9,<em> Je fais r\u00e9f\u00e9rence \u00e0 la technique vocale, et veille \u00e0 ce que la mise en place rythmique, telle que la synchronisation des voyelles, mais aussi la justesse soient optimales. Ce sont tous ces \u00e9l\u00e9ments r\u00e9unis qui permettent d&rsquo;atteindre ce que les choristes professionnels nomment \u00a0\u00bb l&rsquo;effet Cath\u00e9drale\u00a0\u00bb<\/em>\u00ab\u00a0.<\/p>\n\n\n\n<p>A c\u00f4t\u00e9 du r\u00e9pertoire sacr\u00e9, l&rsquo;ensemble vocal Ka\u00efros ne s&#8217;emp\u00eache pas non plus de chanter de la Musique profane. Il pr\u00e9pare ainsi un r\u00e9pertoire consacr\u00e9 \u00e0 la Chanson fran\u00e7aise, de la Renaissance, \u00e0 Serge Gainsbourg, \u00e0 l&rsquo;occasion de son 10e anniversaire.<\/p>\n\n\n\n<p><strong>L&rsquo;ensemble vocal Ka\u00efros<\/strong> est un bel exemple du niveau \u00e9tonnant, que des musiciens amateurs, \u00e9clair\u00e9s, passionn\u00e9s et opini\u00e2tres peuvent atteindre, lorsqu&rsquo;ils sont encadr\u00e9s par des professionnels de haut niveau.<\/p>\n\n\n\n<p>Quand la passion et le travail se rencontrent : \u00e7a brille !<\/p>\n\n\n\n<p>Bonne \u00e9coute !<\/p>\n\n\n\n<p>Ci-dessous, la programmation musicale d\u00e9taill\u00e9e de notre entretien :<\/p>\n\n\n\n<p><strong>Traditionnel irlandais<\/strong> &#8211; <em>\u00a0\u00bb An irish blessing\u00a0\u00bb<\/em>, harmonis\u00e9 par James E. Moore Jr.  Le choeur Da Cagile et l&rsquo;ensemble vocal Ka\u00efros. Direction : Bruno Crabb\u00e9. R\u00e9alisation vid\u00e9o : Jean-Baptiste Dumont. Enregistrement non publi\u00e9..<\/p>\n\n\n\n<p><strong>Violeta PARRA<\/strong> &#8211; <em>\u00ab\u00a0Gracias a la vida\u00a0\u00bb (1966)<\/em>. Violeta Parra, voix et guitare. EMI.<\/p>\n\n\n\n<p><strong>Franz SCHUBERT<\/strong> &#8211; <em>\u00ab\u00a0Chor der Engel\u00a0\u00bb<\/em>. Ensemble vocal Ka\u00efros. Direction : Bruno Crabb\u00e9.&nbsp;Enregistrement public. Non publi\u00e9.<\/p>\n\n\n\n<p><strong>Francis POULENC<\/strong> &#8211; <em>\u00ab\u00a0Salve Regina\u00a0\u00bb<\/em>. Ensemble vocal Ka\u00efros. Direction : Bruno Crabb\u00e9. Enregistrement public. Non publi\u00e9.<\/p>\n\n\n\n<p><strong>Bart HOWARD<\/strong> &#8211; <em>\u00ab\u00a0Fly me to the moon\u00a0\u00bb (1962)<\/em>. Nat King Cole, voix, George Shearing, piano et les cordes de l&rsquo;Orchestre de la \u00ab\u00a0Columbia\u00a0\u00bb . COLUMBIA.<\/p>\n\n\n\n<p><strong>Knut NYSTEDT<\/strong> &#8211; <em>\u00ab\u00a0Missa brevis\u00a0\u00bb, opus 102<\/em>. Ensemble vocal Ka\u00efros. Direction : Bruno Crabb\u00e9. Enregistrement public. Non publi\u00e9.<\/p>\n\n\n\n<p><strong>Vic NEES<\/strong> &#8211; <em>\u00ab\u00a0Les Vierges sages\u00a0\u00bb, d&rsquo;apr\u00e8s le po\u00e8me&nbsp;de Liliane Wouters<\/em>. Ensemble vocal Ka\u00efros. Direction : Bruno Crabb\u00e9. Enregistrement public. Non publi\u00e9..<\/p>\n\n\n\n<p><strong>Dmitri BORTNIANSKY<\/strong> &#8211; <em>\u00ab\u00a0Dosto\u00efno iest\u00a0\u00bb<\/em>. Ensemble vocal Ka\u00efros. Direction : Bruno Crabb\u00e9. Enregistrement public. Non publi\u00e9.<\/p>\n\n\n\n<p><strong>Zoltan KODALY<\/strong> &#8211; <em>\u00ab\u00a0Veni, veni, Emmanuel\u00a0\u00bb<\/em>. Ensemble vocal Ka\u00efros. Direction : Bruno Crabb\u00e9. Enregistrement public. Non publi\u00e9.<\/p>\n\n\n\n<p>R\u00e9alisation et pr\u00e9sentation : Laurent GRAULUS.<\/p>\n\n\n\n<p><\/p>\n\n\n\n<p><\/p>\n","protected":false},"excerpt":{"rendered":"<p>Bruno Crabb\u00e9 et Colette Richard sont interview\u00e9s par Laurent Graulus pour pr\u00e9senter le choeur Ka\u00efros dans le cadre de l&rsquo;\u00e9mission \u00ab\u00a0Puisque vous avez du talent\u00a0\u00bb. Le producteur et pr\u00e9sentateur de cette \u00e9mission, Laurent Graulus, a \u00e9t\u00e9 touch\u00e9 par notre vid\u00e9o de confinement, \u00ab\u00a0An irish blessing\u00a0\u00bb https:\/\/youtu.be\/JLKJVmuxyMA Il a voulu en savoir un peu plus sur [&hellip;]<\/p>\n","protected":false},"author":7,"featured_media":0,"comment_status":"closed","ping_status":"closed","sticky":false,"template":"","format":"standard","meta":[],"categories":[1],"tags":[],"_links":{"self":[{"href":"http:\/\/jackmedia.be\/kairos\/index.php\/wp-json\/wp\/v2\/posts\/1228"}],"collection":[{"href":"http:\/\/jackmedia.be\/kairos\/index.php\/wp-json\/wp\/v2\/posts"}],"about":[{"href":"http:\/\/jackmedia.be\/kairos\/index.php\/wp-json\/wp\/v2\/types\/post"}],"author":[{"embeddable":true,"href":"http:\/\/jackmedia.be\/kairos\/index.php\/wp-json\/wp\/v2\/users\/7"}],"replies":[{"embeddable":true,"href":"http:\/\/jackmedia.be\/kairos\/index.php\/wp-json\/wp\/v2\/comments?post=1228"}],"version-history":[{"count":0,"href":"http:\/\/jackmedia.be\/kairos\/index.php\/wp-json\/wp\/v2\/posts\/1228\/revisions"}],"wp:attachment":[{"href":"http:\/\/jackmedia.be\/kairos\/index.php\/wp-json\/wp\/v2\/media?parent=1228"}],"wp:term":[{"taxonomy":"category","embeddable":true,"href":"http:\/\/jackmedia.be\/kairos\/index.php\/wp-json\/wp\/v2\/categories?post=1228"},{"taxonomy":"post_tag","embeddable":true,"href":"http:\/\/jackmedia.be\/kairos\/index.php\/wp-json\/wp\/v2\/tags?post=1228"}],"curies":[{"name":"wp","href":"https:\/\/api.w.org\/{rel}","templated":true}]}}