{"id":1212,"date":"2020-01-31T18:53:47","date_gmt":"2020-01-31T17:53:47","guid":{"rendered":"https:\/\/ensemblecvocalkairos.wordpress.com\/?p=1212"},"modified":"2020-01-31T18:53:47","modified_gmt":"2020-01-31T17:53:47","slug":"annulation-du-concert-a-la-cambre","status":"publish","type":"post","link":"http:\/\/jackmedia.be\/kairos\/index.php\/2020\/01\/31\/annulation-du-concert-a-la-cambre\/","title":{"rendered":"Annulation du Concert \u00e0 la Cambre"},"content":{"rendered":"\n<p><strong>Pour des raisons ind\u00e9pendantes de notre volont\u00e9, le concert du 14 f\u00e9vrier \u00e0 la Cambre est annul\u00e9.<\/strong><\/p>\n\n\n\n<p><strong>La bonne nouvelle c&rsquo;est qu&rsquo;il est report\u00e9 au 4e trimestre 2020, \u00e0 une date que nous vous communiquerons ult\u00e9rieureme<\/strong>nt.<\/p>\n","protected":false},"excerpt":{"rendered":"<p>Pour des raisons ind\u00e9pendantes de notre volont\u00e9, le concert du 14 f\u00e9vrier \u00e0 la Cambre est annul\u00e9. La bonne nouvelle c&rsquo;est qu&rsquo;il est report\u00e9 au 4e trimestre 2020, \u00e0 une date que nous vous communiquerons ult\u00e9rieurement.<\/p>\n","protected":false},"author":7,"featured_media":0,"comment_status":"closed","ping_status":"closed","sticky":false,"template":"","format":"standard","meta":[],"categories":[1],"tags":[],"_links":{"self":[{"href":"http:\/\/jackmedia.be\/kairos\/index.php\/wp-json\/wp\/v2\/posts\/1212"}],"collection":[{"href":"http:\/\/jackmedia.be\/kairos\/index.php\/wp-json\/wp\/v2\/posts"}],"about":[{"href":"http:\/\/jackmedia.be\/kairos\/index.php\/wp-json\/wp\/v2\/types\/post"}],"author":[{"embeddable":true,"href":"http:\/\/jackmedia.be\/kairos\/index.php\/wp-json\/wp\/v2\/users\/7"}],"replies":[{"embeddable":true,"href":"http:\/\/jackmedia.be\/kairos\/index.php\/wp-json\/wp\/v2\/comments?post=1212"}],"version-history":[{"count":0,"href":"http:\/\/jackmedia.be\/kairos\/index.php\/wp-json\/wp\/v2\/posts\/1212\/revisions"}],"wp:attachment":[{"href":"http:\/\/jackmedia.be\/kairos\/index.php\/wp-json\/wp\/v2\/media?parent=1212"}],"wp:term":[{"taxonomy":"category","embeddable":true,"href":"http:\/\/jackmedia.be\/kairos\/index.php\/wp-json\/wp\/v2\/categories?post=1212"},{"taxonomy":"post_tag","embeddable":true,"href":"http:\/\/jackmedia.be\/kairos\/index.php\/wp-json\/wp\/v2\/tags?post=1212"}],"curies":[{"name":"wp","href":"https:\/\/api.w.org\/{rel}","templated":true}]}}